{"id":2150,"date":"2018-06-07T22:38:00","date_gmt":"2018-06-08T01:38:00","guid":{"rendered":"http:\/\/blogdoedvaldomagalhaes.com.br\/index.php\/2018\/06\/07\/seis-internos-escalam-muro-e-fogem-da\/"},"modified":"2019-02-09T02:18:20","modified_gmt":"2019-02-09T04:18:20","slug":"seis-internos-escalam-muro-e-fogem-da","status":"publish","type":"post","link":"https:\/\/blogdoedvaldomagalhaes.com.br\/index.php\/2018\/06\/07\/seis-internos-escalam-muro-e-fogem-da\/","title":{"rendered":"Seis internos escalam muro e fogem da Funase de Caruaru"},"content":{"rendered":"<div class=\"separator\" style=\"clear: both; text-align: center;\">\n<a href=\"https:\/\/2.bp.blogspot.com\/-bq5t6yRCg80\/WxmzdAe0R9I\/AAAAAAAAzI4\/c6EhDp1q8V8ZTrhPwHYjBr8_r61BCq8mACLcBGAs\/s1600\/funase.jpg\" imageanchor=\"1\" style=\"margin-left: 1em; margin-right: 1em;\"><img loading=\"lazy\" decoding=\"async\" border=\"0\" data-original-height=\"375\" data-original-width=\"660\" height=\"362\" src=\"http:\/\/blogdoedvaldomagalhaes.com.br\/wp-content\/uploads\/2018\/06\/funase.jpg\" width=\"640\" \/><\/a><\/div>\n<div style=\"background-color: white; box-sizing: border-box; line-height: 26px; margin-bottom: 26px; text-align: justify; word-wrap: break-word;\">\n<\/div>\n<div style=\"background-color: white; box-sizing: border-box; line-height: 26px; margin-bottom: 26px; text-align: justify; word-wrap: break-word;\">\n<div style=\"box-sizing: border-box; line-height: 24px; margin-bottom: 10px;\">\nSeis internos do Centro de Atendimento Socioeducativo (Case) Caruaru fugiram na tarde desta quinta-feira (07). A fuga ocorreu durante uma partida de futebol, por volta das 16h.<\/div>\n<div style=\"box-sizing: border-box; line-height: 24px; margin-bottom: 10px;\">\nDe acordo com a Funase, os socioeducandos conseguiram escalar o muro do Case por meio de cordas lan\u00e7adas por pessoas desconhecidas no lado de fora.<\/div>\n<p>Policiais do 4\u00ba BPM e do BIEsp est\u00e3o realizando buscas. A Coordenadoria de Seguran\u00e7a e a Corregedoria da Funase v\u00e3o apurar o caso.<\/p><\/div>\n","protected":false},"excerpt":{"rendered":"<p>Seis internos do Centro de Atendimento Socioeducativo (Case) Caruaru fugiram na tarde desta quinta-feira (07). A fuga ocorreu durante uma&hellip;<\/p>\n","protected":false},"author":1,"featured_media":0,"comment_status":"open","ping_status":"open","sticky":false,"template":"","format":"standard","meta":{"footnotes":""},"categories":[1],"tags":[2,13,2253],"class_list":["post-2150","post","type-post","status-publish","format-standard","hentry","category-sem-categoria","tag-blog-do-edvaldo-magalhaes","tag-policial","tag-seis-internos-escalam-muro-e-fogem-da-funase-de-caruaru"],"_links":{"self":[{"href":"https:\/\/blogdoedvaldomagalhaes.com.br\/index.php\/wp-json\/wp\/v2\/posts\/2150","targetHints":{"allow":["GET"]}}],"collection":[{"href":"https:\/\/blogdoedvaldomagalhaes.com.br\/index.php\/wp-json\/wp\/v2\/posts"}],"about":[{"href":"https:\/\/blogdoedvaldomagalhaes.com.br\/index.php\/wp-json\/wp\/v2\/types\/post"}],"author":[{"embeddable":true,"href":"https:\/\/blogdoedvaldomagalhaes.com.br\/index.php\/wp-json\/wp\/v2\/users\/1"}],"replies":[{"embeddable":true,"href":"https:\/\/blogdoedvaldomagalhaes.com.br\/index.php\/wp-json\/wp\/v2\/comments?post=2150"}],"version-history":[{"count":1,"href":"https:\/\/blogdoedvaldomagalhaes.com.br\/index.php\/wp-json\/wp\/v2\/posts\/2150\/revisions"}],"predecessor-version":[{"id":31578,"href":"https:\/\/blogdoedvaldomagalhaes.com.br\/index.php\/wp-json\/wp\/v2\/posts\/2150\/revisions\/31578"}],"wp:attachment":[{"href":"https:\/\/blogdoedvaldomagalhaes.com.br\/index.php\/wp-json\/wp\/v2\/media?parent=2150"}],"wp:term":[{"taxonomy":"category","embeddable":true,"href":"https:\/\/blogdoedvaldomagalhaes.com.br\/index.php\/wp-json\/wp\/v2\/categories?post=2150"},{"taxonomy":"post_tag","embeddable":true,"href":"https:\/\/blogdoedvaldomagalhaes.com.br\/index.php\/wp-json\/wp\/v2\/tags?post=2150"}],"curies":[{"name":"wp","href":"https:\/\/api.w.org\/{rel}","templated":true}]}}