{"id":2149,"date":"2018-06-07T22:50:00","date_gmt":"2018-06-08T01:50:00","guid":{"rendered":"http:\/\/blogdoedvaldomagalhaes.com.br\/index.php\/2018\/06\/07\/imprensa-caruaruense-de-luto-morre\/"},"modified":"2019-02-09T02:18:21","modified_gmt":"2019-02-09T04:18:21","slug":"imprensa-caruaruense-de-luto-morre","status":"publish","type":"post","link":"https:\/\/blogdoedvaldomagalhaes.com.br\/index.php\/2018\/06\/07\/imprensa-caruaruense-de-luto-morre\/","title":{"rendered":"Imprensa Caruaruense de Luto: Morre operador de \u00e1udio Juci\u00ea Santos"},"content":{"rendered":"<div class=\"separator\" style=\"clear: both; text-align: center;\">\n<a href=\"https:\/\/2.bp.blogspot.com\/-z9BQIrvdJaU\/Wxm2ptwbzFI\/AAAAAAAAzJE\/AGEvsc_WX0YotUGVwb9DYhMvGdNg27H_ACLcBGAs\/s1600\/jucie.jpg\" imageanchor=\"1\" style=\"margin-left: 1em; margin-right: 1em;\"><img loading=\"lazy\" decoding=\"async\" border=\"0\" data-original-height=\"684\" data-original-width=\"512\" height=\"640\" src=\"http:\/\/blogdoedvaldomagalhaes.com.br\/wp-content\/uploads\/2018\/06\/jucie.jpg\" width=\"474\" \/><\/a><\/div>\n<div style=\"background-color: white; border: 0px; margin-bottom: 1.5em; outline: 0px; padding: 0px; text-align: justify; vertical-align: baseline;\">\n<\/div>\n<div style=\"background-color: white; border: 0px; margin-bottom: 1.5em; outline: 0px; padding: 0px; text-align: justify; vertical-align: baseline;\">\nFaleceu nesta quinta-feira (07), o operador de \u00e1udio da R\u00e1dio Cultura do Nordeste, Juci\u00ea Santos, aos 47 anos de idade. Juci\u00ea estava internado em um hospital em Recife, e havia sofrido um AVC no in\u00edcio do m\u00eas de maio.<\/div>\n<div style=\"background-color: white; border: 0px; margin-bottom: 1.5em; outline: 0px; padding: 0px; text-align: justify; vertical-align: baseline;\">\nJuci\u00ea Santos, trabalhou durante quase 10 anos na r\u00e1dio Cultura do Nordeste.<\/p>\n<p>O corpo est\u00e1 no vel\u00f3rio Dom Bosco, no bairro Maur\u00edcio de Nassau, e o sepultamento ser\u00e1 \u00e0s 16h, no Cemit\u00e9rio Parque dos Arcos, \u00e0s margens da PE-95, em Caruaru.<\/p><\/div>\n","protected":false},"excerpt":{"rendered":"<p>Faleceu nesta quinta-feira (07), o operador de \u00e1udio da R\u00e1dio Cultura do Nordeste, Juci\u00ea Santos, aos 47 anos de idade.&hellip;<\/p>\n","protected":false},"author":1,"featured_media":0,"comment_status":"open","ping_status":"open","sticky":false,"template":"","format":"standard","meta":{"footnotes":""},"categories":[1],"tags":[2,2251,2252],"class_list":["post-2149","post","type-post","status-publish","format-standard","hentry","category-sem-categoria","tag-blog-do-edvaldo-magalhaes","tag-imprensa-caruaruense-de-luto-morre-operador-de-audio-jucie-santos","tag-noticia"],"_links":{"self":[{"href":"https:\/\/blogdoedvaldomagalhaes.com.br\/index.php\/wp-json\/wp\/v2\/posts\/2149","targetHints":{"allow":["GET"]}}],"collection":[{"href":"https:\/\/blogdoedvaldomagalhaes.com.br\/index.php\/wp-json\/wp\/v2\/posts"}],"about":[{"href":"https:\/\/blogdoedvaldomagalhaes.com.br\/index.php\/wp-json\/wp\/v2\/types\/post"}],"author":[{"embeddable":true,"href":"https:\/\/blogdoedvaldomagalhaes.com.br\/index.php\/wp-json\/wp\/v2\/users\/1"}],"replies":[{"embeddable":true,"href":"https:\/\/blogdoedvaldomagalhaes.com.br\/index.php\/wp-json\/wp\/v2\/comments?post=2149"}],"version-history":[{"count":1,"href":"https:\/\/blogdoedvaldomagalhaes.com.br\/index.php\/wp-json\/wp\/v2\/posts\/2149\/revisions"}],"predecessor-version":[{"id":31580,"href":"https:\/\/blogdoedvaldomagalhaes.com.br\/index.php\/wp-json\/wp\/v2\/posts\/2149\/revisions\/31580"}],"wp:attachment":[{"href":"https:\/\/blogdoedvaldomagalhaes.com.br\/index.php\/wp-json\/wp\/v2\/media?parent=2149"}],"wp:term":[{"taxonomy":"category","embeddable":true,"href":"https:\/\/blogdoedvaldomagalhaes.com.br\/index.php\/wp-json\/wp\/v2\/categories?post=2149"},{"taxonomy":"post_tag","embeddable":true,"href":"https:\/\/blogdoedvaldomagalhaes.com.br\/index.php\/wp-json\/wp\/v2\/tags?post=2149"}],"curies":[{"name":"wp","href":"https:\/\/api.w.org\/{rel}","templated":true}]}}