{"id":2148,"date":"2018-06-07T23:02:00","date_gmt":"2018-06-08T02:02:00","guid":{"rendered":"http:\/\/blogdoedvaldomagalhaes.com.br\/index.php\/2018\/06\/07\/confira-programacao-da-caminhada-do\/"},"modified":"2019-02-09T02:18:21","modified_gmt":"2019-02-09T04:18:21","slug":"confira-programacao-da-caminhada-do","status":"publish","type":"post","link":"https:\/\/blogdoedvaldomagalhaes.com.br\/index.php\/2018\/06\/07\/confira-programacao-da-caminhada-do\/","title":{"rendered":"Confira a programa\u00e7\u00e3o da Caminhada do Forr\u00f3 e Maior Cuscuz do Mundo de domingo (10)"},"content":{"rendered":"<div class=\"separator\" style=\"clear: both; text-align: center;\">\n<a href=\"https:\/\/1.bp.blogspot.com\/-k_3f3SLGtfQ\/Wxm4Qq9pZ8I\/AAAAAAAAzJU\/C6H4AXdWxls2n9vKCk2Ry-s0U6GPitXfgCEwYBhgL\/s1600\/augusto.jpg\" imageanchor=\"1\" style=\"margin-left: 1em; margin-right: 1em;\"><img loading=\"lazy\" decoding=\"async\" border=\"0\" data-original-height=\"317\" data-original-width=\"660\" height=\"306\" src=\"http:\/\/blogdoedvaldomagalhaes.com.br\/wp-content\/uploads\/2018\/06\/augusto.jpg\" width=\"640\" \/><\/a><\/div>\n<p><\/p>\n<div style=\"background-color: white; border: 0px; margin-bottom: 1.5em; outline: 0px; padding: 0px; text-align: justify; vertical-align: baseline;\">\nA Caminhada do Forr\u00f3 com o Maior Cuscuz do Mundo, comemora 25 anos de sucesso, com mais de 60 mil pessoas participando do mega evento que acontece sempre no segundo domingo de junho, Neste ano acontece no pr\u00f3ximo domingo (10), com sa\u00edda da Caminhada do Forr\u00f3 \u00e0s 12h, da entrada do Aeroporto Oscar Laranjeira, com destino ao Alto do Moura e animada pelo Trio e Banda Asas da Am\u00e9rica, Trio Minhoquinha, Jader Nascimento Forr\u00f3 Moura, Rubinho Show e Derso Luiz entre outras atra\u00e7\u00f5es culturais.<\/div>\n<div style=\"background-color: white; border: 0px; margin-bottom: 1.5em; outline: 0px; padding: 0px; vertical-align: baseline;\">\n<\/div>\n<div style=\"text-align: justify;\">\n<b>CAMAROTE M\u00d3VEL VIP<\/b><\/div>\n<div style=\"text-align: justify;\">\n<b><br \/><\/b><\/div>\n<p><\/p>\n<div style=\"text-align: justify;\">\nAcompanhando a caminhada, atr\u00e1s dos trios el\u00e9tricos, teremos 2 Camarote Vip M\u00f3vel.<\/div>\n<p><\/p>\n<div style=\"background-color: white; border: 0px; outline: 0px; padding: 0px; vertical-align: baseline;\">\n<\/div>\n<div style=\"text-align: justify;\">\n<b>CUSCUZ NO ALTO DO MOURA NOVO LOCAL<\/b><\/div>\n<div style=\"text-align: justify;\">\n<b><br \/><\/b><\/div>\n<div style=\"text-align: justify;\">\nO Maior Cuscuz do Mundo, tem novo local, agora na entrada do Portal em uma \u00e1rea bem maior, o cuscuz ser\u00e1 servido com 800 kilos de Floc\u00e3o de Milho, por volta das 15h regado a sardinha e margarina gratuitamente aos participantes. O evento tem apoio da Funda\u00e7\u00e3o de Cultura, Prefeitura de Caruaru, Uni\u00e3o dos Criadores das Comidas Gigantes de Caruaru e empresas privadas.<\/div>\n","protected":false},"excerpt":{"rendered":"<p>A Caminhada do Forr\u00f3 com o Maior Cuscuz do Mundo, comemora 25 anos de sucesso, com mais de 60 mil&hellip;<\/p>\n","protected":false},"author":1,"featured_media":0,"comment_status":"open","ping_status":"open","sticky":false,"template":"","format":"standard","meta":{"footnotes":""},"categories":[1],"tags":[2,2250,6],"class_list":["post-2148","post","type-post","status-publish","format-standard","hentry","category-sem-categoria","tag-blog-do-edvaldo-magalhaes","tag-confira-a-programacao-da-caminhada-do-forro-e-maior-cuscuz-do-mundo-de-domingo-10","tag-noticias"],"_links":{"self":[{"href":"https:\/\/blogdoedvaldomagalhaes.com.br\/index.php\/wp-json\/wp\/v2\/posts\/2148","targetHints":{"allow":["GET"]}}],"collection":[{"href":"https:\/\/blogdoedvaldomagalhaes.com.br\/index.php\/wp-json\/wp\/v2\/posts"}],"about":[{"href":"https:\/\/blogdoedvaldomagalhaes.com.br\/index.php\/wp-json\/wp\/v2\/types\/post"}],"author":[{"embeddable":true,"href":"https:\/\/blogdoedvaldomagalhaes.com.br\/index.php\/wp-json\/wp\/v2\/users\/1"}],"replies":[{"embeddable":true,"href":"https:\/\/blogdoedvaldomagalhaes.com.br\/index.php\/wp-json\/wp\/v2\/comments?post=2148"}],"version-history":[{"count":1,"href":"https:\/\/blogdoedvaldomagalhaes.com.br\/index.php\/wp-json\/wp\/v2\/posts\/2148\/revisions"}],"predecessor-version":[{"id":31582,"href":"https:\/\/blogdoedvaldomagalhaes.com.br\/index.php\/wp-json\/wp\/v2\/posts\/2148\/revisions\/31582"}],"wp:attachment":[{"href":"https:\/\/blogdoedvaldomagalhaes.com.br\/index.php\/wp-json\/wp\/v2\/media?parent=2148"}],"wp:term":[{"taxonomy":"category","embeddable":true,"href":"https:\/\/blogdoedvaldomagalhaes.com.br\/index.php\/wp-json\/wp\/v2\/categories?post=2148"},{"taxonomy":"post_tag","embeddable":true,"href":"https:\/\/blogdoedvaldomagalhaes.com.br\/index.php\/wp-json\/wp\/v2\/tags?post=2148"}],"curies":[{"name":"wp","href":"https:\/\/api.w.org\/{rel}","templated":true}]}}