{"id":2141,"date":"2018-06-08T12:56:00","date_gmt":"2018-06-08T15:56:00","guid":{"rendered":"http:\/\/blogdoedvaldomagalhaes.com.br\/index.php\/2018\/06\/08\/compesa-vai-diminuir-calendario-de\/"},"modified":"2019-02-09T02:18:24","modified_gmt":"2019-02-09T04:18:24","slug":"compesa-vai-diminuir-calendario-de","status":"publish","type":"post","link":"https:\/\/blogdoedvaldomagalhaes.com.br\/index.php\/2018\/06\/08\/compesa-vai-diminuir-calendario-de\/","title":{"rendered":"Compesa vai diminuir calend\u00e1rio de abastecimento de \u00e1gua em Caruaru e vai anunciar novo calend\u00e1rio"},"content":{"rendered":"<div class=\"separator\" style=\"clear: both; text-align: center;\">\n<a href=\"https:\/\/4.bp.blogspot.com\/-fdWPpiKA2AM\/Wxp8OkM1AZI\/AAAAAAAAzLU\/3T1aJfwrCXUhFTdaWGjPPITWECrmb41pQCLcBGAs\/s1600\/compesa.jpg\" imageanchor=\"1\" style=\"margin-left: 1em; margin-right: 1em;\"><img loading=\"lazy\" decoding=\"async\" border=\"0\" data-original-height=\"179\" data-original-width=\"281\" height=\"405\" src=\"http:\/\/blogdoedvaldomagalhaes.com.br\/wp-content\/uploads\/2018\/06\/compesa.jpg\" width=\"640\" \/><\/a><\/div>\n<div style=\"text-align: justify;\">\n<div style=\"background-color: white; box-sizing: border-box; line-height: 24px; margin-bottom: 10px;\">\nA Compesa ir\u00e1 lan\u00e7ar um novo calend\u00e1rio de abastecimento de \u00e1gua para Caruaru na pr\u00f3xima segunda-feira (11). Com o retorno da opera\u00e7\u00e3o do Sistema Jucazinho, haver\u00e1 melhoria do abastecimento em 17 cidades do Agreste.<\/div>\n<div style=\"background-color: white; box-sizing: border-box; line-height: 24px; margin-bottom: 10px;\">\nEm Caruaru, o novo rod\u00edzio ser\u00e1 de 5 dias com \u00e1gua e 10 sem. Atualmente a popula\u00e7\u00e3o fica 15 dias sem abastecimento.<\/div>\n<div style=\"background-color: white; box-sizing: border-box; line-height: 24px; margin-bottom: 10px;\">\nA Barragem de Jucazinho est\u00e1 com 7% de sua capacidade, o que significa mais de 20 milh\u00f5es de metros c\u00fabicos de \u00e1gua. J\u00e1 a Barragem do Prata segue com 100% de sua capacidade.<\/div>\n<div style=\"background-color: white; box-sizing: border-box; line-height: 24px; margin-bottom: 10px;\">\nCom a volta do Sistema Jucazinho ter\u00e3o melhorado o abastecimento as cidades de Toritama, Vertentes, Santa Maria do Cambuc\u00e1, Vertente do L\u00e9rio, Frei Miguelinho, Casinhas, Surubim, Passira, Cumaru, Riacho das Almas e Salgadinho, de forma direta. Indiretamente, tamb\u00e9m ser\u00e3o beneficiadas as cidades de Caruaru, Santa Cruz do Capibaribe, Agrestina, Altinho, Ibirajuba e Cachoeirinha.<\/div>\n<div style=\"background-color: white; box-sizing: border-box; line-height: 24px; margin-bottom: 10px;\">\nEm Caruaru, a maior cidade da regi\u00e3o, ser\u00e1 poss\u00edvel aumentar o abastecimento. A cidade passar\u00e1 a receber \u00e1gua por meio de um regime de cinco dias com \u00e1gua e dez dias sem \u2013 saindo de um calend\u00e1rio de cinco dias com \u00e1gua e 15 dias sem.<\/div>\n<\/div>\n","protected":false},"excerpt":{"rendered":"<p>A Compesa ir\u00e1 lan\u00e7ar um novo calend\u00e1rio de abastecimento de \u00e1gua para Caruaru na pr\u00f3xima segunda-feira (11). Com o retorno&hellip;<\/p>\n","protected":false},"author":1,"featured_media":0,"comment_status":"open","ping_status":"open","sticky":false,"template":"","format":"standard","meta":{"footnotes":""},"categories":[1],"tags":[2,2239,6],"class_list":["post-2141","post","type-post","status-publish","format-standard","hentry","category-sem-categoria","tag-blog-do-edvaldo-magalhaes","tag-compesa-vai-diminuir-calendario-de-abastecimento-de-agua-em-caruaru-e-vai-anunciar-novo-calendario","tag-noticias"],"_links":{"self":[{"href":"https:\/\/blogdoedvaldomagalhaes.com.br\/index.php\/wp-json\/wp\/v2\/posts\/2141","targetHints":{"allow":["GET"]}}],"collection":[{"href":"https:\/\/blogdoedvaldomagalhaes.com.br\/index.php\/wp-json\/wp\/v2\/posts"}],"about":[{"href":"https:\/\/blogdoedvaldomagalhaes.com.br\/index.php\/wp-json\/wp\/v2\/types\/post"}],"author":[{"embeddable":true,"href":"https:\/\/blogdoedvaldomagalhaes.com.br\/index.php\/wp-json\/wp\/v2\/users\/1"}],"replies":[{"embeddable":true,"href":"https:\/\/blogdoedvaldomagalhaes.com.br\/index.php\/wp-json\/wp\/v2\/comments?post=2141"}],"version-history":[{"count":1,"href":"https:\/\/blogdoedvaldomagalhaes.com.br\/index.php\/wp-json\/wp\/v2\/posts\/2141\/revisions"}],"predecessor-version":[{"id":31599,"href":"https:\/\/blogdoedvaldomagalhaes.com.br\/index.php\/wp-json\/wp\/v2\/posts\/2141\/revisions\/31599"}],"wp:attachment":[{"href":"https:\/\/blogdoedvaldomagalhaes.com.br\/index.php\/wp-json\/wp\/v2\/media?parent=2141"}],"wp:term":[{"taxonomy":"category","embeddable":true,"href":"https:\/\/blogdoedvaldomagalhaes.com.br\/index.php\/wp-json\/wp\/v2\/categories?post=2141"},{"taxonomy":"post_tag","embeddable":true,"href":"https:\/\/blogdoedvaldomagalhaes.com.br\/index.php\/wp-json\/wp\/v2\/tags?post=2141"}],"curies":[{"name":"wp","href":"https:\/\/api.w.org\/{rel}","templated":true}]}}