{"id":2140,"date":"2018-06-08T13:10:00","date_gmt":"2018-06-08T16:10:00","guid":{"rendered":"http:\/\/blogdoedvaldomagalhaes.com.br\/index.php\/2018\/06\/08\/sesc-caruaru-vai-promover-atividade-de\/"},"modified":"2019-02-09T02:18:25","modified_gmt":"2019-02-09T04:18:25","slug":"sesc-caruaru-vai-promover-atividade-de","status":"publish","type":"post","link":"https:\/\/blogdoedvaldomagalhaes.com.br\/index.php\/2018\/06\/08\/sesc-caruaru-vai-promover-atividade-de\/","title":{"rendered":"Sesc Caruaru vai promover atividade de sensibiliza\u00e7\u00e3o sobre o descarte correto do lixo na Feira da Sulanca"},"content":{"rendered":"<div class=\"separator\" style=\"clear: both; text-align: center;\">\n<a href=\"https:\/\/2.bp.blogspot.com\/-_adSHDJZkHo\/Wxp_0ZMaETI\/AAAAAAAAzLg\/zDm3UiE7YpkxMAPjvvbsjcDl33sTFvLNwCLcBGAs\/s1600\/sesc.jpg\" imageanchor=\"1\" style=\"margin-left: 1em; margin-right: 1em;\"><img loading=\"lazy\" decoding=\"async\" border=\"0\" data-original-height=\"891\" data-original-width=\"1600\" height=\"352\" src=\"http:\/\/blogdoedvaldomagalhaes.com.br\/wp-content\/uploads\/2018\/06\/sesc.jpg\" width=\"640\" \/><\/a><\/div>\n<div style=\"text-align: justify;\">\n<\/div>\n<div style=\"text-align: justify;\">\nUm dos maiores produtores de lixo de Caruaru \u00e9 a Feira da Sulanca. Segundo o Departamento de Feiras e Mercados do munic\u00edpio, o local, considerado um dos maiores centros de compra do pa\u00eds, produz, a cada feira, cerca de 120 toneladas de lixo s\u00f3lido. Para sensibilizar os comerciantes e os consumidores da Feira, o Sesc Caruaru realiza, nesta segunda-feira (11\/06), a partir das 8h, uma a\u00e7\u00e3o de sensibiliza\u00e7\u00e3o acerca do descarte correto dos res\u00edduos s\u00f3lidos. A campanha \u201cLixo, Jogue Certo \u2013 Reduzir \u00e9 Preciso\u201d, que faz parte da programa\u00e7\u00e3o referente ao M\u00eas do Meio Ambiente, vai contar com a parceria da Escola Estadual M\u00e1rio Sette e tamb\u00e9m da Vigil\u00e2ncia Ambiental de Caruaru.<\/div>\n<div style=\"text-align: justify;\">\n<\/div>\n<div style=\"text-align: justify;\">\nOs alunos da Escola M\u00e1rio Sette, da Escola do Sesc e t\u00e9cnicos da Unidade v\u00e3o se dividir em equipes e percorrer os bancos e boxes da feira. Cada um deles vai abordar os feirantes e consumidores com a frase \u201cCuidando do Meio Ambiente. Lixo polui. Jogue certo, reduzir \u00e9 preciso\u201d, entregar um saco de lixo para que possam descartar os res\u00edduos e um adesivo com o slogan da campanha.<\/div>\n<div style=\"text-align: justify;\">\n<\/div>\n<div style=\"text-align: justify;\">\n\u201cNossa proposta \u00e9 plantar uma semente e sensibilizar os comerciantes e os consumidores da feira sobre a import\u00e2ncia de diminuir a produ\u00e7\u00e3o de lixo no Parque 18 de Maio. Por isso, estamos iniciando este trabalho e esperamos que, em um breve espa\u00e7o de tempo, todos os que participam da feira estejam engajados na luta em defesa do meio ambiente\u201d, ressalta Luzinete Lemos, gerente do Sesc Caruaru.<\/div>\n<div style=\"text-align: justify;\">\n<\/div>\n<div style=\"text-align: justify;\">\n<\/div>\n","protected":false},"excerpt":{"rendered":"<p>Um dos maiores produtores de lixo de Caruaru \u00e9 a Feira da Sulanca. Segundo o Departamento de Feiras e Mercados&hellip;<\/p>\n","protected":false},"author":1,"featured_media":0,"comment_status":"open","ping_status":"open","sticky":false,"template":"","format":"standard","meta":{"footnotes":""},"categories":[1],"tags":[2,6,2238],"class_list":["post-2140","post","type-post","status-publish","format-standard","hentry","category-sem-categoria","tag-blog-do-edvaldo-magalhaes","tag-noticias","tag-sesc-caruaru-vai-promover-atividade-de-sensibilizacao-sobre-o-descarte-correto-do-lixo-na-feira-da-sulanca"],"_links":{"self":[{"href":"https:\/\/blogdoedvaldomagalhaes.com.br\/index.php\/wp-json\/wp\/v2\/posts\/2140","targetHints":{"allow":["GET"]}}],"collection":[{"href":"https:\/\/blogdoedvaldomagalhaes.com.br\/index.php\/wp-json\/wp\/v2\/posts"}],"about":[{"href":"https:\/\/blogdoedvaldomagalhaes.com.br\/index.php\/wp-json\/wp\/v2\/types\/post"}],"author":[{"embeddable":true,"href":"https:\/\/blogdoedvaldomagalhaes.com.br\/index.php\/wp-json\/wp\/v2\/users\/1"}],"replies":[{"embeddable":true,"href":"https:\/\/blogdoedvaldomagalhaes.com.br\/index.php\/wp-json\/wp\/v2\/comments?post=2140"}],"version-history":[{"count":1,"href":"https:\/\/blogdoedvaldomagalhaes.com.br\/index.php\/wp-json\/wp\/v2\/posts\/2140\/revisions"}],"predecessor-version":[{"id":31601,"href":"https:\/\/blogdoedvaldomagalhaes.com.br\/index.php\/wp-json\/wp\/v2\/posts\/2140\/revisions\/31601"}],"wp:attachment":[{"href":"https:\/\/blogdoedvaldomagalhaes.com.br\/index.php\/wp-json\/wp\/v2\/media?parent=2140"}],"wp:term":[{"taxonomy":"category","embeddable":true,"href":"https:\/\/blogdoedvaldomagalhaes.com.br\/index.php\/wp-json\/wp\/v2\/categories?post=2140"},{"taxonomy":"post_tag","embeddable":true,"href":"https:\/\/blogdoedvaldomagalhaes.com.br\/index.php\/wp-json\/wp\/v2\/tags?post=2140"}],"curies":[{"name":"wp","href":"https:\/\/api.w.org\/{rel}","templated":true}]}}