{"id":2139,"date":"2018-06-08T16:08:00","date_gmt":"2018-06-08T19:08:00","guid":{"rendered":"http:\/\/blogdoedvaldomagalhaes.com.br\/index.php\/2018\/06\/08\/motorista-perde-o-controle-da-direcao\/"},"modified":"2019-02-09T02:18:25","modified_gmt":"2019-02-09T04:18:25","slug":"motorista-perde-o-controle-da-direcao","status":"publish","type":"post","link":"https:\/\/blogdoedvaldomagalhaes.com.br\/index.php\/2018\/06\/08\/motorista-perde-o-controle-da-direcao\/","title":{"rendered":"Motorista perde o controle da dire\u00e7\u00e3o de carro e capota; Veja v\u00eddeo"},"content":{"rendered":"<div class=\"separator\" style=\"clear: both; text-align: center;\">\n<a href=\"https:\/\/2.bp.blogspot.com\/-pK3Usv-RFNw\/WxqpEwGlEDI\/AAAAAAAAzL8\/awdg3Ypj7zUMRWMQYijMjdsM2s9k2x10QCLcBGAs\/s1600\/carero.jpg\" imageanchor=\"1\" style=\"margin-left: 1em; margin-right: 1em;\"><img loading=\"lazy\" decoding=\"async\" border=\"0\" data-original-height=\"225\" data-original-width=\"300\" height=\"480\" src=\"http:\/\/blogdoedvaldomagalhaes.com.br\/wp-content\/uploads\/2018\/06\/carero.jpg\" width=\"640\" \/><\/a><\/div>\n<div class=\"separator\" style=\"clear: both; text-align: center;\">\nFoto: WhatsApp\/Cortesia<\/div>\n<div class=\"separator\" style=\"clear: both; text-align: justify;\">\n<\/div>\n<div style=\"background-color: white; box-sizing: border-box; line-height: 24px; margin-bottom: 10px; text-align: justify;\">\nUm ve\u00edculo Gol capotou na manh\u00e3 desta sexta-feira (08), na Avenida Jos\u00e9 Rodrigues de Jesus, bastante movimentada, em Caruaru. De acordo com informa\u00e7\u00f5es de testemunhas, o motorista perdeu o controle do ve\u00edculo na curva, bateu em outros dois carros estacionados e capotou. Dois homens estavam no carro e n\u00e3o se feriram.<\/div>\n<div style=\"background-color: white; box-sizing: border-box; line-height: 24px; margin-bottom: 10px; text-align: justify;\">\n<strong style=\"box-sizing: border-box;\">Veja v\u00eddeo<\/strong><\/div>\n<div style=\"text-align: justify;\">\n<div class=\"separator\" style=\"clear: both; text-align: center;\">\n<\/div>\n<p><\/div>\n","protected":false},"excerpt":{"rendered":"<p>Foto: WhatsApp\/Cortesia Um ve\u00edculo Gol capotou na manh\u00e3 desta sexta-feira (08), na Avenida Jos\u00e9 Rodrigues de Jesus, bastante movimentada, em&hellip;<\/p>\n","protected":false},"author":1,"featured_media":0,"comment_status":"open","ping_status":"open","sticky":false,"template":"","format":"standard","meta":{"footnotes":""},"categories":[1],"tags":[2236,2,2237,6],"class_list":["post-2139","post","type-post","status-publish","format-standard","hentry","category-sem-categoria","tag-avenida-jose-rodrigues-de-jesus","tag-blog-do-edvaldo-magalhaes","tag-motorista-perde-o-controle-da-direcao-de-carro-e-capota-veja-video","tag-noticias"],"_links":{"self":[{"href":"https:\/\/blogdoedvaldomagalhaes.com.br\/index.php\/wp-json\/wp\/v2\/posts\/2139","targetHints":{"allow":["GET"]}}],"collection":[{"href":"https:\/\/blogdoedvaldomagalhaes.com.br\/index.php\/wp-json\/wp\/v2\/posts"}],"about":[{"href":"https:\/\/blogdoedvaldomagalhaes.com.br\/index.php\/wp-json\/wp\/v2\/types\/post"}],"author":[{"embeddable":true,"href":"https:\/\/blogdoedvaldomagalhaes.com.br\/index.php\/wp-json\/wp\/v2\/users\/1"}],"replies":[{"embeddable":true,"href":"https:\/\/blogdoedvaldomagalhaes.com.br\/index.php\/wp-json\/wp\/v2\/comments?post=2139"}],"version-history":[{"count":1,"href":"https:\/\/blogdoedvaldomagalhaes.com.br\/index.php\/wp-json\/wp\/v2\/posts\/2139\/revisions"}],"predecessor-version":[{"id":31603,"href":"https:\/\/blogdoedvaldomagalhaes.com.br\/index.php\/wp-json\/wp\/v2\/posts\/2139\/revisions\/31603"}],"wp:attachment":[{"href":"https:\/\/blogdoedvaldomagalhaes.com.br\/index.php\/wp-json\/wp\/v2\/media?parent=2139"}],"wp:term":[{"taxonomy":"category","embeddable":true,"href":"https:\/\/blogdoedvaldomagalhaes.com.br\/index.php\/wp-json\/wp\/v2\/categories?post=2139"},{"taxonomy":"post_tag","embeddable":true,"href":"https:\/\/blogdoedvaldomagalhaes.com.br\/index.php\/wp-json\/wp\/v2\/tags?post=2139"}],"curies":[{"name":"wp","href":"https:\/\/api.w.org\/{rel}","templated":true}]}}