{"id":2133,"date":"2018-06-09T12:40:00","date_gmt":"2018-06-09T15:40:00","guid":{"rendered":"http:\/\/blogdoedvaldomagalhaes.com.br\/index.php\/2018\/06\/09\/espetaculo-bandeira-de-sao-joao-sera\/"},"modified":"2019-02-09T02:18:31","modified_gmt":"2019-02-09T04:18:31","slug":"espetaculo-bandeira-de-sao-joao-sera","status":"publish","type":"post","link":"https:\/\/blogdoedvaldomagalhaes.com.br\/index.php\/2018\/06\/09\/espetaculo-bandeira-de-sao-joao-sera\/","title":{"rendered":"Espet\u00e1culo Bandeira de S\u00e3o Jo\u00e3o ser\u00e1 encenado no P\u00e1tio de Eventos de Caruaru"},"content":{"rendered":"<div class=\"separator\" style=\"clear: both; text-align: center;\">\n<a href=\"https:\/\/4.bp.blogspot.com\/-_0F7yZGC1JQ\/WxvKnsWlzfI\/AAAAAAAAzOU\/L21RCy_Gx2oNyNvAZnSkWcet1drHKbkaQCLcBGAs\/s1600\/foto.jpg\" imageanchor=\"1\" style=\"margin-left: 1em; margin-right: 1em;\"><img loading=\"lazy\" decoding=\"async\" border=\"0\" data-original-height=\"1071\" data-original-width=\"1600\" height=\"428\" src=\"http:\/\/blogdoedvaldomagalhaes.com.br\/wp-content\/uploads\/2018\/06\/foto.jpg\" width=\"640\" \/><\/a><\/div>\n<div style=\"text-align: justify;\">\n<\/div>\n<div style=\"text-align: justify;\">\nNa pr\u00f3xima ter\u00e7a-feira (12), data em que no calend\u00e1rio se comemora a v\u00e9spera de Santo Ant\u00f4nio, \u00e9 tamb\u00e9m celebrado o Dia Mundial de Combate ao Trabalho Infantil. Diante disso, o Servi\u00e7o de Conviv\u00eancia e Fortalecimento de V\u00ednculos (SCFV) realizar\u00e1 uma interven\u00e7\u00e3o art\u00edstica no palco do Parque de Eventos Luiz Lua Gonzaga, como parte da programa\u00e7\u00e3o do S\u00e3o Jo\u00e3o 2018. Trata-se da apresenta\u00e7\u00e3o do espet\u00e1culo teatral Bandeira de S\u00e3o Jo\u00e3o, que ser\u00e1 encenado por cerca de 60 crian\u00e7as e adolescentes atendidos pelo servi\u00e7o, a partir das 18h.<\/div>\n<div style=\"text-align: justify;\">\n<\/div>\n<div style=\"text-align: justify;\">\nO evento faz parte das a\u00e7\u00f5es de assist\u00eancia social da festa que v\u00eam sendo realizadas pela Prefeitura de Caruaru, atrav\u00e9s da Secretaria de Desenvolvimento Social e Direitos Humanos (SDSDH). \u201c\u00c9 uma maneira de gerarmos consci\u00eancia sobre os direitos das crian\u00e7as e adolescentes, de forma l\u00fadica e educativa. Como tamb\u00e9m, de mostrarmos o talento e o universo de possibilidades, das crian\u00e7as e adolescentes, fomentadas pelas atividades de educa\u00e7\u00e3o social, cultural e esportivas\u201d, destacou o coordenador Municipal do SCFV, Fabio Silva.<\/div>\n<div style=\"text-align: justify;\">\n<\/div>\n<div style=\"text-align: justify;\">\nO espet\u00e1culo ter\u00e1 como pano de fundo brincadeiras populares da Regi\u00e3o Nordeste para alertar sobre a import\u00e2ncia da garantia dos direitos das crian\u00e7as e adolescentes. O elenco ser\u00e1 formado por usu\u00e1rios das oficinas de ballet e teatro dos CRAS Taquara, Salgado, Maria Auxiliadora e Rendeiras. A montagem da pe\u00e7a conta com v\u00e1rias coreografias e textos produzidos com a colabora\u00e7\u00e3o dos oficineiros e educadores sociais desses espa\u00e7os, sob a orienta\u00e7\u00e3o e supervis\u00e3o da coordena\u00e7\u00e3o geral do SCFV.<\/div>\n","protected":false},"excerpt":{"rendered":"<p>Na pr\u00f3xima ter\u00e7a-feira (12), data em que no calend\u00e1rio se comemora a v\u00e9spera de Santo Ant\u00f4nio, \u00e9 tamb\u00e9m celebrado o&hellip;<\/p>\n","protected":false},"author":1,"featured_media":0,"comment_status":"open","ping_status":"open","sticky":false,"template":"","format":"standard","meta":{"footnotes":""},"categories":[1],"tags":[2,2231,6],"class_list":["post-2133","post","type-post","status-publish","format-standard","hentry","category-sem-categoria","tag-blog-do-edvaldo-magalhaes","tag-espetaculo-bandeira-de-sao-joao-sera-encenado-no-patio-de-eventos-de-caruaru","tag-noticias"],"_links":{"self":[{"href":"https:\/\/blogdoedvaldomagalhaes.com.br\/index.php\/wp-json\/wp\/v2\/posts\/2133","targetHints":{"allow":["GET"]}}],"collection":[{"href":"https:\/\/blogdoedvaldomagalhaes.com.br\/index.php\/wp-json\/wp\/v2\/posts"}],"about":[{"href":"https:\/\/blogdoedvaldomagalhaes.com.br\/index.php\/wp-json\/wp\/v2\/types\/post"}],"author":[{"embeddable":true,"href":"https:\/\/blogdoedvaldomagalhaes.com.br\/index.php\/wp-json\/wp\/v2\/users\/1"}],"replies":[{"embeddable":true,"href":"https:\/\/blogdoedvaldomagalhaes.com.br\/index.php\/wp-json\/wp\/v2\/comments?post=2133"}],"version-history":[{"count":1,"href":"https:\/\/blogdoedvaldomagalhaes.com.br\/index.php\/wp-json\/wp\/v2\/posts\/2133\/revisions"}],"predecessor-version":[{"id":31615,"href":"https:\/\/blogdoedvaldomagalhaes.com.br\/index.php\/wp-json\/wp\/v2\/posts\/2133\/revisions\/31615"}],"wp:attachment":[{"href":"https:\/\/blogdoedvaldomagalhaes.com.br\/index.php\/wp-json\/wp\/v2\/media?parent=2133"}],"wp:term":[{"taxonomy":"category","embeddable":true,"href":"https:\/\/blogdoedvaldomagalhaes.com.br\/index.php\/wp-json\/wp\/v2\/categories?post=2133"},{"taxonomy":"post_tag","embeddable":true,"href":"https:\/\/blogdoedvaldomagalhaes.com.br\/index.php\/wp-json\/wp\/v2\/tags?post=2133"}],"curies":[{"name":"wp","href":"https:\/\/api.w.org\/{rel}","templated":true}]}}