{"id":2068,"date":"2018-06-15T16:57:00","date_gmt":"2018-06-15T19:57:00","guid":{"rendered":"http:\/\/blogdoedvaldomagalhaes.com.br\/index.php\/2018\/06\/15\/acao-integrada-de-cidadania-movimenta\/"},"modified":"2019-02-09T02:19:23","modified_gmt":"2019-02-09T04:19:23","slug":"acao-integrada-de-cidadania-movimenta","status":"publish","type":"post","link":"https:\/\/blogdoedvaldomagalhaes.com.br\/index.php\/2018\/06\/15\/acao-integrada-de-cidadania-movimenta\/","title":{"rendered":"A\u00e7\u00e3o Integrada de Cidadania movimenta Caruaru neste s\u00e1bado (16)"},"content":{"rendered":"<div class=\"separator\" style=\"clear: both; text-align: center;\">\n<a href=\"https:\/\/3.bp.blogspot.com\/-mRDqWNi5AHI\/WyPwC_RpfTI\/AAAAAAAAzsQ\/dRciutHnkQYEM8zznSe_EfNXhNaP7bceACLcBGAs\/s1600\/ac%25C3%25A3o.jpg\" imageanchor=\"1\" style=\"margin-left: 1em; margin-right: 1em;\"><img loading=\"lazy\" decoding=\"async\" border=\"0\" data-original-height=\"432\" data-original-width=\"642\" height=\"430\" src=\"http:\/\/blogdoedvaldomagalhaes.com.br\/wp-content\/uploads\/2018\/06\/acC3A3o.jpg\" width=\"640\" \/><\/a><\/div>\n<div style=\"text-align: justify;\">\n<\/div>\n<div style=\"text-align: justify;\">\nNeste s\u00e1bado (16\/6), das 8h \u00e0s 12h, acontece a A\u00e7\u00e3o Integrada da Cidadania em Caruaru. O evento, na Escola Estadual Dom Miguel de Lima Velverde, localizada na Rua do Vassoural, 175, no bairro do Vassoural, re\u00fane diversos servi\u00e7os \u00e0 popula\u00e7\u00e3o, como orienta\u00e7\u00e3o jur\u00eddica e emiss\u00e3o de documentos. No Agreste, a atividade \u00e9 resultado de iniciativa entre o Tribunal de Justi\u00e7a de Pernambuco (TJPE), o Governo do Estado e parceiros.&nbsp;<\/div>\n<div style=\"text-align: justify;\">\n<\/div>\n<div style=\"text-align: justify;\">\nA participa\u00e7\u00e3o do Judici\u00e1rio \u00e9 coordenada pela Comiss\u00e3o de Direitos Humanos do TJPE, com apoio da Vara de Execu\u00e7\u00e3o de Penas Alternativas (Vepa), do N\u00facleo Permanente de M\u00e9todos Consensuais de Solu\u00e7\u00e3o de Conflitos (Nupemec) e da Presid\u00eancia. Servidores ir\u00e3o prestar orienta\u00e7\u00f5es sobre concilia\u00e7\u00e3o e media\u00e7\u00e3o. \u201cQuem tiver um processo na Justi\u00e7a poder\u00e1 tamb\u00e9m receber orienta\u00e7\u00e3o sobre o seu caso. Basta levar o n\u00famero da a\u00e7\u00e3o\u201d, informa o secret\u00e1rio da Comiss\u00e3o do TJPE, Jo\u00e3o Passos.<\/div>\n<div style=\"text-align: justify;\">\n<\/div>\n<div style=\"text-align: justify;\">\nCerca de 100 atividades ser\u00e3o oferecidas ou apresentadas aos moradores de Caruaru. Dentre elas, orienta\u00e7\u00e3o jur\u00eddica, emiss\u00e3o de documentos (RG, CPF, CNH e CTPS, al\u00e9m de segunda via de certid\u00f5es de casamento, div\u00f3rcio e \u00f3bito), servi\u00e7os de sa\u00fade bucal, aplica\u00e7\u00f5es de teste de glicose e de medidas do corpo, atividades f\u00edsicas e entrega de mudas de plantas medicinais. O objetivo da A\u00e7\u00e3o Integrada \u00e9 que \u00f3rg\u00e3os p\u00fablicos e entidades ofere\u00e7am servi\u00e7os de cidadania em bairros com maior taxa de Crimes Violentos Letais Intencionais.<\/div>\n<div style=\"text-align: justify;\">\n<\/div>\n<div style=\"text-align: justify;\">\nAl\u00e9m do TJPE e do Governo \u2013 por meio da Secretaria Estadual Desenvolvimento Social, Crian\u00e7a e Juventude e demais secretarias de Estado \u2013, participam da a\u00e7\u00e3o a Associa\u00e7\u00e3o dos C\u00f4njuges de Magistrados do Estado de Pernambuco (Acmepe); o Tribunal Regional Eleitoral do Estado (TRE-PE); o Sindicato dos Oficiais de Justi\u00e7a de Pernambuco (Sindojus-PE); a Associa\u00e7\u00e3o dos Servidores Poder Judici\u00e1rio de Pernambuco (ASPJ-PE); a Associa\u00e7\u00e3o Jos\u00e9 Morais de Assist\u00eancia Social (Amas); a Prefeitura de Caruaru; e a Defensoria P\u00fablica.<\/div>\n<div style=\"text-align: justify;\">\n<\/div>\n<div style=\"text-align: justify;\">\nA Associa\u00e7\u00e3o Caruaruense de Ensino Superior (Asces) participa atrav\u00e9s da atua\u00e7\u00e3o de acad\u00eamicos e professores das \u00e1reas de Direito, Odontologia, Educa\u00e7\u00e3o F\u00edsica, Fisioterapia, Biomedicina, Enfermagem, Nutri\u00e7\u00e3o e Servi\u00e7o Social. Institui\u00e7\u00f5es privadas tamb\u00e9m apoiam o projeto. Toda a\u00e7\u00e3o \u00e9 gratuita.<\/div>\n","protected":false},"excerpt":{"rendered":"<p>Neste s\u00e1bado (16\/6), das 8h \u00e0s 12h, acontece a A\u00e7\u00e3o Integrada da Cidadania em Caruaru. O evento, na Escola Estadual&hellip;<\/p>\n","protected":false},"author":1,"featured_media":0,"comment_status":"open","ping_status":"open","sticky":false,"template":"","format":"standard","meta":{"footnotes":""},"categories":[1],"tags":[2153,2,6],"class_list":["post-2068","post","type-post","status-publish","format-standard","hentry","category-sem-categoria","tag-acao-integrada-de-cidadania-movimenta-caruaru-neste-sabado-16","tag-blog-do-edvaldo-magalhaes","tag-noticias"],"_links":{"self":[{"href":"https:\/\/blogdoedvaldomagalhaes.com.br\/index.php\/wp-json\/wp\/v2\/posts\/2068","targetHints":{"allow":["GET"]}}],"collection":[{"href":"https:\/\/blogdoedvaldomagalhaes.com.br\/index.php\/wp-json\/wp\/v2\/posts"}],"about":[{"href":"https:\/\/blogdoedvaldomagalhaes.com.br\/index.php\/wp-json\/wp\/v2\/types\/post"}],"author":[{"embeddable":true,"href":"https:\/\/blogdoedvaldomagalhaes.com.br\/index.php\/wp-json\/wp\/v2\/users\/1"}],"replies":[{"embeddable":true,"href":"https:\/\/blogdoedvaldomagalhaes.com.br\/index.php\/wp-json\/wp\/v2\/comments?post=2068"}],"version-history":[{"count":1,"href":"https:\/\/blogdoedvaldomagalhaes.com.br\/index.php\/wp-json\/wp\/v2\/posts\/2068\/revisions"}],"predecessor-version":[{"id":31792,"href":"https:\/\/blogdoedvaldomagalhaes.com.br\/index.php\/wp-json\/wp\/v2\/posts\/2068\/revisions\/31792"}],"wp:attachment":[{"href":"https:\/\/blogdoedvaldomagalhaes.com.br\/index.php\/wp-json\/wp\/v2\/media?parent=2068"}],"wp:term":[{"taxonomy":"category","embeddable":true,"href":"https:\/\/blogdoedvaldomagalhaes.com.br\/index.php\/wp-json\/wp\/v2\/categories?post=2068"},{"taxonomy":"post_tag","embeddable":true,"href":"https:\/\/blogdoedvaldomagalhaes.com.br\/index.php\/wp-json\/wp\/v2\/tags?post=2068"}],"curies":[{"name":"wp","href":"https:\/\/api.w.org\/{rel}","templated":true}]}}