{"id":2067,"date":"2018-06-15T17:10:00","date_gmt":"2018-06-15T20:10:00","guid":{"rendered":"http:\/\/blogdoedvaldomagalhaes.com.br\/index.php\/2018\/06\/15\/veja-as-festa-de-comidas-gigantes-deste\/"},"modified":"2019-02-09T02:19:27","modified_gmt":"2019-02-09T04:19:27","slug":"veja-as-festa-de-comidas-gigantes-deste","status":"publish","type":"post","link":"https:\/\/blogdoedvaldomagalhaes.com.br\/index.php\/2018\/06\/15\/veja-as-festa-de-comidas-gigantes-deste\/","title":{"rendered":"Veja as festa de comidas gigantes deste fim de semana em Caruaru"},"content":{"rendered":"<div class=\"separator\" style=\"clear: both; text-align: center;\">\n<a href=\"https:\/\/1.bp.blogspot.com\/-mOF9rKli-aA\/WyPws6UOBwI\/AAAAAAAAzsY\/1Kc2w4Ih76UDt5YzpGyAHcZW41eXXQgkwCLcBGAs\/s1600\/3.jpg\" imageanchor=\"1\" style=\"margin-left: 1em; margin-right: 1em;\"><img loading=\"lazy\" decoding=\"async\" border=\"0\" data-original-height=\"1064\" data-original-width=\"1600\" height=\"424\" src=\"http:\/\/blogdoedvaldomagalhaes.com.br\/wp-content\/uploads\/2018\/06\/3-5.jpg\" width=\"640\" \/><\/a><\/div>\n<div style=\"text-align: center;\">\nFotos: Jana\u00edna Pepeu\/Divulga\u00e7\u00e3o<\/div>\n<div style=\"text-align: center;\">\n<\/div>\n<div style=\"text-align: justify;\">\nUma das comidas mais tradicionais e aguardadas chega, nesta sexta-feira (15), para abrilhantar o festival e dar muito mais gosto ao per\u00edodo junino. Preparado por Dona Maria do Bolo, uma das homenageadas do S\u00e3o Jo\u00e3o 2018, o P\u00e9 de Moleque Gigante est\u00e1 no calend\u00e1rio junino h\u00e1 21 anos e ter\u00e1 mais de 20 metros de muito sabor.&nbsp;O bolo ser\u00e1 preparado com 800 quilos de massa de mandioca, 120 bandejas de ovos, 60 quilos de coco ralado, 16 quilos de cravo, canela e erva doce, 200 quilos de margarina, 60 quilos de castanha, 120 quilos de a\u00e7\u00facar e 40 quilos de doce de goiaba.<\/div>\n<div style=\"text-align: justify;\">\n<\/div>\n<div class=\"separator\" style=\"clear: both; text-align: center;\">\n<a href=\"https:\/\/3.bp.blogspot.com\/-RDVLZd2kcsM\/WyPxaeGmHwI\/AAAAAAAAzsg\/dznmDbxync870LPBcWdM0lrO6jr5IKQswCEwYBhgL\/s1600\/1.jpg\" imageanchor=\"1\" style=\"margin-left: 1em; margin-right: 1em;\"><img loading=\"lazy\" decoding=\"async\" border=\"0\" data-original-height=\"1064\" data-original-width=\"1600\" height=\"424\" src=\"http:\/\/blogdoedvaldomagalhaes.com.br\/wp-content\/uploads\/2018\/06\/1-10.jpg\" width=\"640\" \/><\/a><\/div>\n<div style=\"text-align: justify;\">\n<\/div>\n<div style=\"text-align: justify;\">\nPara Dona Maria do Bolo, organizadora e respons\u00e1vel pela comida, o P\u00e9 de Moleque Gigante \u00e9 preparado todo ano com muita dedica\u00e7\u00e3o para que toda popula\u00e7\u00e3o possa degustar uma das comidas mais desejadas do S\u00e3o Jo\u00e3o de Caruaru. \u201cO bolo \u00e9 preparado com muito amor e dedica\u00e7\u00e3o, afinal, muitas pessoas comparecem ao evento para degustar esta comida que \u00e9 t\u00e3o aguardada e desejada, al\u00e9m de ser servida com muito amor\u201d, finalizou a organizadora.<\/div>\n<div style=\"text-align: justify;\">\n<\/div>\n<div class=\"separator\" style=\"clear: both; text-align: center;\">\n<a href=\"https:\/\/2.bp.blogspot.com\/-rHgiIqImMuw\/WyPxnhPQ_YI\/AAAAAAAAzsk\/6lWw0T9iA_ctvMqiD3jvVdYX0YHXME18ACLcBGAs\/s1600\/2.jpg\" imageanchor=\"1\" style=\"margin-left: 1em; margin-right: 1em;\"><img loading=\"lazy\" decoding=\"async\" border=\"0\" data-original-height=\"1065\" data-original-width=\"1600\" height=\"424\" src=\"http:\/\/blogdoedvaldomagalhaes.com.br\/wp-content\/uploads\/2018\/06\/2-8.jpg\" width=\"640\" \/><\/a><\/div>\n<div style=\"text-align: justify;\">\n<\/div>\n<div style=\"text-align: justify;\">\nO evento ser\u00e1 realizado na rua Major Jo\u00e3o Coelho, em frente ao Parque Municipal do bairro das Rendeiras, a partir das 18h, e contar\u00e1 com a apresenta\u00e7\u00e3o de v\u00e1rias atra\u00e7\u00f5es.<\/div>\n<div style=\"text-align: justify;\">\n<\/div>\n<div class=\"separator\" style=\"clear: both; text-align: center;\">\n<a href=\"https:\/\/1.bp.blogspot.com\/-CkH9CJmLbjs\/WyPxs8atdRI\/AAAAAAAAzss\/OYsRh4etWSAyKVJ5CVo9XGYph641cTHbwCLcBGAs\/s1600\/4.jpg\" imageanchor=\"1\" style=\"margin-left: 1em; margin-right: 1em;\"><img loading=\"lazy\" decoding=\"async\" border=\"0\" data-original-height=\"372\" data-original-width=\"620\" height=\"384\" src=\"http:\/\/blogdoedvaldomagalhaes.com.br\/wp-content\/uploads\/2018\/06\/4-3.jpg\" width=\"640\" \/><\/a><\/div>\n<div style=\"text-align: justify;\">\n<\/div>\n<div style=\"text-align: justify;\">\nNo mesmo dia, a popula\u00e7\u00e3o do bairro do Salgado apresentar\u00e1 o Arraial do P\u00e3o Doce. A festa contar\u00e1 com a degusta\u00e7\u00e3o de muito p\u00e3o doce e anima\u00e7\u00e3o de atra\u00e7\u00f5es musicais e muito forr\u00f3. O evento ocorrer\u00e1 na rua Capit\u00e3o Nilo F. da Costa, a partir das 16h.&nbsp;Para seu Osvaldo, organizador do evento, \u00e9 uma grande satisfa\u00e7\u00e3o promover o Arrai\u00e1 do P\u00e3o Doce. \u201c\u00c9 muito satisfat\u00f3rio organizar o arraial, pois as comidas gigantes viraram tradi\u00e7\u00e3o no S\u00e3o Jo\u00e3o de Caruaru e, para mim, \u00e9 um momento muito especial poder apreciar a satisfa\u00e7\u00e3o das pessoas ao provar essas iguarias\u201d, finalizou o organizador.<\/div>\n<div style=\"text-align: justify;\">\n<\/div>\n<div style=\"text-align: justify;\">\nO terceiro final de semana das comidas gigantes do S\u00e3o Jo\u00e3o de Caruaru ser\u00e1 agitado. Neste s\u00e1bado (16) e domingo (17), quatro comidas t\u00edpicas prometem trazer muito forr\u00f3 e anima\u00e7\u00e3o para a popula\u00e7\u00e3o que estar\u00e1 presente para degustar as iguarias.<\/div>\n<div style=\"text-align: justify;\">\n<\/div>\n<div class=\"separator\" style=\"clear: both; text-align: center;\">\n<a href=\"https:\/\/1.bp.blogspot.com\/-PQLtdgvVE9Q\/WyPyC-X-_QI\/AAAAAAAAzs4\/5XT37I90CjEemA-Ljjzrq_odDGerj4WjgCLcBGAs\/s1600\/plenytsa.jpg\" imageanchor=\"1\" style=\"margin-left: 1em; margin-right: 1em;\"><img loading=\"lazy\" decoding=\"async\" border=\"0\" data-original-height=\"179\" data-original-width=\"300\" height=\"379\" src=\"http:\/\/blogdoedvaldomagalhaes.com.br\/wp-content\/uploads\/2018\/06\/plenytsa.jpg\" width=\"640\" \/><\/a><\/div>\n<div style=\"text-align: justify;\">\n<\/div>\n<div style=\"text-align: justify;\">\nAbrindo o calend\u00e1rio de comidas juninas do s\u00e1bado, a Festa da Polenta ocorrer\u00e1 na Avenida S\u00e3o Jos\u00e9, no bairro S\u00e3o Francisco, a partir das 16h. A guloseima \u00e9 preparada com 30 quilos de fub\u00e1, 20 quilos de queijo coalho e 30 quilos de peito de frango. O evento ter\u00e1 um palco com atra\u00e7\u00f5es art\u00edsticas, que s\u00e3o: Edjailson da Caru Forr\u00f3, Trio P\u00e9 de Serra Chamego Bom e Banda Torpedo.<\/div>\n<div style=\"text-align: justify;\">\n<\/div>\n<div class=\"separator\" style=\"clear: both; text-align: center;\">\n<a href=\"https:\/\/3.bp.blogspot.com\/-XW2yQ63PQ98\/WyPyg803naI\/AAAAAAAAztI\/m047iiC4o4c4QH2zrm2A9B2JlNdbUG3IgCLcBGAs\/s1600\/ta%25C3%25ADoca.jpg\" imageanchor=\"1\" style=\"margin-left: 1em; margin-right: 1em;\"><img loading=\"lazy\" decoding=\"async\" border=\"0\" data-original-height=\"470\" data-original-width=\"625\" height=\"480\" src=\"http:\/\/blogdoedvaldomagalhaes.com.br\/wp-content\/uploads\/2018\/06\/taC3ADoca.jpg\" width=\"640\" \/><\/a><\/div>\n<div class=\"separator\" style=\"clear: both; text-align: center;\">\n<\/div>\n<div style=\"text-align: justify;\">\n<\/div>\n<div style=\"text-align: justify;\">\nDando continuidade \u00e0 noite de degusta\u00e7\u00e3o, a Tapioca Gigante j\u00e1 \u00e9 tradi\u00e7\u00e3o no bairro das Rendeiras e come\u00e7ar\u00e1 a partir das 18h. Em sua d\u00e9cima edi\u00e7\u00e3o, cerca de 4 mil pessoas degustar\u00e3o mais de 300 quilos de tapioca, que leva em sua prepara\u00e7\u00e3o leite, goma, coco ralado e leite condensado. Al\u00e9m disso, a popula\u00e7\u00e3o contar\u00e1 com a apresenta\u00e7\u00e3o de artistas musicais e quadrilhas.<\/div>\n<div style=\"text-align: justify;\">\n<\/div>\n<div style=\"text-align: justify;\">\n&nbsp;\u201cAssim como todos os anos, a Tapioca Gigante segue em mais uma edi\u00e7\u00e3o para dar muito sabor e tradi\u00e7\u00e3o ao Melhor e Melhor S\u00e3o Jo\u00e3o do Mundo. Aguardamos um p\u00fablico fiel, que todo ano est\u00e1 presente para degustar a iguaria que \u00e9 preparada com muito amor e carinho\u201d, ressaltou o organizador.<\/div>\n<div style=\"text-align: justify;\">\n<\/div>\n<div style=\"text-align: justify;\">\n<\/div>\n<div style=\"text-align: justify;\">\nNo domingo (17), \u00e9 a vez do Maior Assado de Milho do Mundo. Entrando em sua d\u00e9cima edi\u00e7\u00e3o, os moradores da rua Rua Coelho Neto, localizada no bairro Santa Rosa, preparam a festa e aguardam a presen\u00e7a de muitas pessoas para, al\u00e9m de se deliciarem com a guloseima, dan\u00e7arem muito forr\u00f3.<\/div>\n<div style=\"text-align: justify;\">\n<\/div>\n<div style=\"text-align: justify;\">\nPara o organizador do evento, Sidclei, o principal intuito da festa \u00e9 manter a tradi\u00e7\u00e3o junina, apresentando o que h\u00e1 de melhor em Caruaru. \u201cO Maior Assado de Milho do Mundo \u00e9 realizado para atrair a popula\u00e7\u00e3o e fazer com que todos reconhe\u00e7am a tradi\u00e7\u00e3o das festividades juninas. Quem comparecer poder\u00e1 reconhecer a grandiosidade do Festival de Comidas, al\u00e9m de degustar um delicioso milho e dan\u00e7ar muito arrasta p\u00e9\u201d, finalizou o organizador.<\/div>\n<div style=\"text-align: justify;\">\n<\/div>\n<div style=\"text-align: justify;\">\nA festa ocorrer\u00e1 a partir das 16h e conta com o apoio da Prefeitura de Caruaru, por meio da Funda\u00e7\u00e3o de Cultura e Turismo.<\/div>\n<div style=\"text-align: justify;\">\n<\/div>\n<div style=\"text-align: justify;\">\n<\/div>\n<div style=\"text-align: justify;\">\n<\/div>\n<div style=\"text-align: justify;\">\n<\/div>\n","protected":false},"excerpt":{"rendered":"<p>Fotos: Jana\u00edna Pepeu\/Divulga\u00e7\u00e3o Uma das comidas mais tradicionais e aguardadas chega, nesta sexta-feira (15), para abrilhantar o festival e dar&hellip;<\/p>\n","protected":false},"author":1,"featured_media":0,"comment_status":"open","ping_status":"open","sticky":false,"template":"","format":"standard","meta":{"footnotes":""},"categories":[1],"tags":[2,6,2152],"class_list":["post-2067","post","type-post","status-publish","format-standard","hentry","category-sem-categoria","tag-blog-do-edvaldo-magalhaes","tag-noticias","tag-veja-as-festa-de-comidas-gigantes-deste-fim-de-semana-em-caruaru"],"_links":{"self":[{"href":"https:\/\/blogdoedvaldomagalhaes.com.br\/index.php\/wp-json\/wp\/v2\/posts\/2067","targetHints":{"allow":["GET"]}}],"collection":[{"href":"https:\/\/blogdoedvaldomagalhaes.com.br\/index.php\/wp-json\/wp\/v2\/posts"}],"about":[{"href":"https:\/\/blogdoedvaldomagalhaes.com.br\/index.php\/wp-json\/wp\/v2\/types\/post"}],"author":[{"embeddable":true,"href":"https:\/\/blogdoedvaldomagalhaes.com.br\/index.php\/wp-json\/wp\/v2\/users\/1"}],"replies":[{"embeddable":true,"href":"https:\/\/blogdoedvaldomagalhaes.com.br\/index.php\/wp-json\/wp\/v2\/comments?post=2067"}],"version-history":[{"count":1,"href":"https:\/\/blogdoedvaldomagalhaes.com.br\/index.php\/wp-json\/wp\/v2\/posts\/2067\/revisions"}],"predecessor-version":[{"id":31799,"href":"https:\/\/blogdoedvaldomagalhaes.com.br\/index.php\/wp-json\/wp\/v2\/posts\/2067\/revisions\/31799"}],"wp:attachment":[{"href":"https:\/\/blogdoedvaldomagalhaes.com.br\/index.php\/wp-json\/wp\/v2\/media?parent=2067"}],"wp:term":[{"taxonomy":"category","embeddable":true,"href":"https:\/\/blogdoedvaldomagalhaes.com.br\/index.php\/wp-json\/wp\/v2\/categories?post=2067"},{"taxonomy":"post_tag","embeddable":true,"href":"https:\/\/blogdoedvaldomagalhaes.com.br\/index.php\/wp-json\/wp\/v2\/tags?post=2067"}],"curies":[{"name":"wp","href":"https:\/\/api.w.org\/{rel}","templated":true}]}}