{"id":2066,"date":"2018-06-15T17:20:00","date_gmt":"2018-06-15T20:20:00","guid":{"rendered":"http:\/\/blogdoedvaldomagalhaes.com.br\/index.php\/2018\/06\/15\/pre-candidato-deputado-estadual-lula\/"},"modified":"2019-02-09T02:19:27","modified_gmt":"2019-02-09T04:19:27","slug":"pre-candidato-deputado-estadual-lula","status":"publish","type":"post","link":"https:\/\/blogdoedvaldomagalhaes.com.br\/index.php\/2018\/06\/15\/pre-candidato-deputado-estadual-lula\/","title":{"rendered":"Pr\u00e9-candidato a deputado estadual Lula T\u00f4rres diz que precisa do apoio do grupo de Raquel e Jo\u00e3o Lyra"},"content":{"rendered":"<div class=\"separator\" style=\"clear: both; text-align: center;\">\n<a href=\"https:\/\/3.bp.blogspot.com\/-LPqU0tdor6w\/WyP0reJbhPI\/AAAAAAAAztU\/_h3PvWyq1aYJBzUgCt7vbm6UM1uxV2eTwCLcBGAs\/s1600\/lukla.jpg\" imageanchor=\"1\" style=\"margin-left: 1em; margin-right: 1em;\"><img loading=\"lazy\" decoding=\"async\" border=\"0\" data-original-height=\"281\" data-original-width=\"500\" height=\"354\" src=\"http:\/\/blogdoedvaldomagalhaes.com.br\/wp-content\/uploads\/2018\/06\/lukla.jpg\" width=\"640\" \/><\/a><\/div>\n<div class=\"separator\" style=\"clear: both; text-align: center;\">\nFoto: Karlla Oliveira\/R\u00e1dio Liberdade<\/div>\n<div class=\"separator\" style=\"clear: both; text-align: center;\">\n<\/div>\n<div style=\"text-align: justify;\">\nO programa Show da Cidade da R\u00e1dio Liberdade desta sexta-feira (15) recebeu o presidente da C\u00e2mara de Vereadores de Caruaru, Lula T\u00f4rres (PSDB), pr\u00e9-candidato a deputado estadual. Ele afirmou que n\u00e3o \u00e9 um projeto pessoal e que precisa do apoio do grupo da prefeita Raquel Lyra e do ex-governador Jo\u00e3o Lyra Neto. Para ele, o pol\u00edtico n\u00e3o pode tomar decis\u00f5es isoladas.<\/div>\n<div style=\"text-align: justify;\">\n<\/div>\n<div style=\"text-align: justify;\">\nO pr\u00f3ximo pr\u00e9-candidato ao participar do programa ser\u00e1 o Delegado Lessa, do PP, que foi candidato a prefeito de Caruaru na \u00faltima elei\u00e7\u00e3o. Ele tamb\u00e9m pretende disputar uma vaga de deputado estadual. A entrevista ser\u00e1 na quarta-feira (20).<\/div>\n","protected":false},"excerpt":{"rendered":"<p>Foto: Karlla Oliveira\/R\u00e1dio Liberdade O programa Show da Cidade da R\u00e1dio Liberdade desta sexta-feira (15) recebeu o presidente da C\u00e2mara&hellip;<\/p>\n","protected":false},"author":1,"featured_media":0,"comment_status":"open","ping_status":"open","sticky":false,"template":"","format":"standard","meta":{"footnotes":""},"categories":[1],"tags":[2,20,2151],"class_list":["post-2066","post","type-post","status-publish","format-standard","hentry","category-sem-categoria","tag-blog-do-edvaldo-magalhaes","tag-politica","tag-pre-candidato-a-deputado-estadual-lula-torres-diz-que-precisa-do-apoio-do-grupo-de-raquel-e-joao-lyra"],"_links":{"self":[{"href":"https:\/\/blogdoedvaldomagalhaes.com.br\/index.php\/wp-json\/wp\/v2\/posts\/2066","targetHints":{"allow":["GET"]}}],"collection":[{"href":"https:\/\/blogdoedvaldomagalhaes.com.br\/index.php\/wp-json\/wp\/v2\/posts"}],"about":[{"href":"https:\/\/blogdoedvaldomagalhaes.com.br\/index.php\/wp-json\/wp\/v2\/types\/post"}],"author":[{"embeddable":true,"href":"https:\/\/blogdoedvaldomagalhaes.com.br\/index.php\/wp-json\/wp\/v2\/users\/1"}],"replies":[{"embeddable":true,"href":"https:\/\/blogdoedvaldomagalhaes.com.br\/index.php\/wp-json\/wp\/v2\/comments?post=2066"}],"version-history":[{"count":1,"href":"https:\/\/blogdoedvaldomagalhaes.com.br\/index.php\/wp-json\/wp\/v2\/posts\/2066\/revisions"}],"predecessor-version":[{"id":31801,"href":"https:\/\/blogdoedvaldomagalhaes.com.br\/index.php\/wp-json\/wp\/v2\/posts\/2066\/revisions\/31801"}],"wp:attachment":[{"href":"https:\/\/blogdoedvaldomagalhaes.com.br\/index.php\/wp-json\/wp\/v2\/media?parent=2066"}],"wp:term":[{"taxonomy":"category","embeddable":true,"href":"https:\/\/blogdoedvaldomagalhaes.com.br\/index.php\/wp-json\/wp\/v2\/categories?post=2066"},{"taxonomy":"post_tag","embeddable":true,"href":"https:\/\/blogdoedvaldomagalhaes.com.br\/index.php\/wp-json\/wp\/v2\/tags?post=2066"}],"curies":[{"name":"wp","href":"https:\/\/api.w.org\/{rel}","templated":true}]}}