{"id":2065,"date":"2018-06-15T18:26:00","date_gmt":"2018-06-15T21:26:00","guid":{"rendered":"http:\/\/blogdoedvaldomagalhaes.com.br\/index.php\/2018\/06\/15\/central-de-caruaru-comemora-99-anos-de\/"},"modified":"2019-02-09T02:19:27","modified_gmt":"2019-02-09T04:19:27","slug":"central-de-caruaru-comemora-99-anos-de","status":"publish","type":"post","link":"https:\/\/blogdoedvaldomagalhaes.com.br\/index.php\/2018\/06\/15\/central-de-caruaru-comemora-99-anos-de\/","title":{"rendered":"Central de Caruaru comemora 99 anos de funda\u00e7\u00e3o"},"content":{"rendered":"<div class=\"separator\" style=\"clear: both; text-align: center;\">\n<a href=\"https:\/\/4.bp.blogspot.com\/-AW5O3Xx79Kw\/WyQD0nBL-xI\/AAAAAAAAzts\/wvy3TWpLBnsri_tIzBEVNLpjMF9W9sUdQCLcBGAs\/s1600\/IMG-20180615-WA0087.jpg\" imageanchor=\"1\" style=\"margin-left: 1em; margin-right: 1em;\"><img loading=\"lazy\" decoding=\"async\" border=\"0\" data-original-height=\"1000\" data-original-width=\"1000\" height=\"640\" src=\"http:\/\/blogdoedvaldomagalhaes.com.br\/wp-content\/uploads\/2018\/06\/IMG-20180615-WA0087.jpg\" width=\"640\" \/><\/a><\/div>\n<p><\/p>\n<div style=\"text-align: justify;\">\n&nbsp;Neste 15 de junho de 2018, o Central Sport Club completa 99 anos de funda\u00e7\u00e3o, 99 anos de Gl\u00f3rias, 99 anos de alegrias, 99 anos de representa\u00e7\u00e3o a nossa querida Caruaru. Segunda institui\u00e7\u00e3o mais antiga da cidade, a Patativa do Agreste teve um primeiro semestre hist\u00f3rico, decidindo o Pernambucano e ficando com o vice-campeonato. Agora \u00e9 a contagem regressiva para o centen\u00e1rio, faltando apenas um ano para data hist\u00f3rica. O Central \u00e9 de Caruaru, \u00e9 do povo de Caruaru e representa nossa cidade por onde vai. O clube mais tradicional do interior de Pernambuco se prepara para a temporada 2019 e promete fazer um time mais competitivo para as disputas da Copa do Brasil, Pernambucano e S\u00e9rie D.<\/div>\n","protected":false},"excerpt":{"rendered":"<p>&nbsp;Neste 15 de junho de 2018, o Central Sport Club completa 99 anos de funda\u00e7\u00e3o, 99 anos de Gl\u00f3rias, 99&hellip;<\/p>\n","protected":false},"author":1,"featured_media":0,"comment_status":"open","ping_status":"open","sticky":false,"template":"","format":"standard","meta":{"footnotes":""},"categories":[1],"tags":[2,3],"class_list":["post-2065","post","type-post","status-publish","format-standard","hentry","category-sem-categoria","tag-blog-do-edvaldo-magalhaes","tag-futebol"],"_links":{"self":[{"href":"https:\/\/blogdoedvaldomagalhaes.com.br\/index.php\/wp-json\/wp\/v2\/posts\/2065","targetHints":{"allow":["GET"]}}],"collection":[{"href":"https:\/\/blogdoedvaldomagalhaes.com.br\/index.php\/wp-json\/wp\/v2\/posts"}],"about":[{"href":"https:\/\/blogdoedvaldomagalhaes.com.br\/index.php\/wp-json\/wp\/v2\/types\/post"}],"author":[{"embeddable":true,"href":"https:\/\/blogdoedvaldomagalhaes.com.br\/index.php\/wp-json\/wp\/v2\/users\/1"}],"replies":[{"embeddable":true,"href":"https:\/\/blogdoedvaldomagalhaes.com.br\/index.php\/wp-json\/wp\/v2\/comments?post=2065"}],"version-history":[{"count":1,"href":"https:\/\/blogdoedvaldomagalhaes.com.br\/index.php\/wp-json\/wp\/v2\/posts\/2065\/revisions"}],"predecessor-version":[{"id":31803,"href":"https:\/\/blogdoedvaldomagalhaes.com.br\/index.php\/wp-json\/wp\/v2\/posts\/2065\/revisions\/31803"}],"wp:attachment":[{"href":"https:\/\/blogdoedvaldomagalhaes.com.br\/index.php\/wp-json\/wp\/v2\/media?parent=2065"}],"wp:term":[{"taxonomy":"category","embeddable":true,"href":"https:\/\/blogdoedvaldomagalhaes.com.br\/index.php\/wp-json\/wp\/v2\/categories?post=2065"},{"taxonomy":"post_tag","embeddable":true,"href":"https:\/\/blogdoedvaldomagalhaes.com.br\/index.php\/wp-json\/wp\/v2\/tags?post=2065"}],"curies":[{"name":"wp","href":"https:\/\/api.w.org\/{rel}","templated":true}]}}