{"id":2063,"date":"2018-06-15T21:38:00","date_gmt":"2018-06-16T00:38:00","guid":{"rendered":"http:\/\/blogdoedvaldomagalhaes.com.br\/index.php\/2018\/06\/15\/pms-recuperam-tres-carros-roubados\/"},"modified":"2019-02-09T02:19:28","modified_gmt":"2019-02-09T04:19:28","slug":"pms-recuperam-tres-carros-roubados","status":"publish","type":"post","link":"https:\/\/blogdoedvaldomagalhaes.com.br\/index.php\/2018\/06\/15\/pms-recuperam-tres-carros-roubados\/","title":{"rendered":"PMs recuperam tr\u00eas carros roubados, apreendem drogas e prendem suspeitos em Caruaru"},"content":{"rendered":"<div class=\"separator\" style=\"clear: both; text-align: center;\">\n<a href=\"https:\/\/1.bp.blogspot.com\/-IBRKfJOS1E4\/WyQwm4PbrbI\/AAAAAAAAzu0\/7rFfx8O7R-893YzIVSOg3roF9TutbuVXgCLcBGAs\/s1600\/01.jpg\" imageanchor=\"1\" style=\"margin-left: 1em; margin-right: 1em;\"><img loading=\"lazy\" decoding=\"async\" border=\"0\" data-original-height=\"240\" data-original-width=\"320\" height=\"480\" src=\"http:\/\/blogdoedvaldomagalhaes.com.br\/wp-content\/uploads\/2018\/06\/01-3.jpg\" width=\"640\" \/><\/a><\/div>\n<div style=\"text-align: justify;\">\n<\/div>\n<div style=\"text-align: justify;\">\nRealizando rondas no bairro Universit\u00e1rio, em Caruaru, a equipe Ca\u00e7a Homicida foi solicitada por um popular que informou que seu ve\u00edculo teria sido tomado de assalto por dois indiv\u00edduos em um Siena de cor prata e que o ve\u00edculo teria bloqueador, foi solicitado o apoio das viaturas e de pronto, as M.O do Monte Bom Jesus e a GT Petr\u00f3polis que estavam pr\u00f3ximos seguiram no apoio, foi quando os policiais visualizaram o ve\u00edculo parado a cerca de 800 metros e duas pessoas mexendo no carro, quando os policiais se aproximaram do ve\u00edculo, os suspeitos visualizaram o policiamento e entraram em um matagal.&nbsp;<\/p>\n<p>Ao realizar buscas os PMs localizaram um dos indiv\u00edduos correndo pr\u00f3ximo da avenida Brasil, foi quando a GT Petr\u00f3polis abordou o mesmo e ele assumiu que estava dirigindo o Siena para o outro praticar o roubo, o mesmo ainda informou que teria roubado um Honda Civic nesta sexta-feira (15), e teria deixado o carro na Vila Kenedy, levando o policiamento at\u00e9 o local indicado, ao chegar no carro e realizar a consulta foi verificado que o mesmo tinha queixa de roubo.&nbsp;O suspeito ainda informou que a arma utilizada no roubo teria ficado com o outro indiv\u00edduo que correu, mais informou onde teria pego as muni\u00e7\u00f5es, indicando um tal de Alan, levando o policiamento at\u00e9 a casa dele no s\u00edtio Xique Xique, ao chegar na casa o propriet\u00e1rio visualizou o policiamento e tentou correr, sendo abordado ainda em cima do muro nas buscas na casa do mesmo, sendo encontrado um rev\u00f3lver calibre 38 com 5 muni\u00e7\u00f5es intactas e uma por\u00e7\u00e3o de maconha.<\/p>\n<\/div>\n<div style=\"text-align: justify;\">\nAo fazer o deslocamento at\u00e9 a casa do Josu\u00e9 e realizar buscas foi encontrado 23 big bigs de maconha e mais uma por\u00e7\u00e3o com aproximadamente 50 gramas de maconha.<\/p>\n<\/div>\n<div style=\"text-align: justify;\">\nDiante dos fatos os mesmos foram conduzidos a delegacia onde o Josu\u00e9 foi autuado por roubo e tr\u00e1fico, j\u00e1 o Alan por posse ilegal de arma de fogo e posse de droga.<\/div>\n<div style=\"text-align: justify;\">\n<\/div>\n<div style=\"text-align: justify;\">\nMaterial apreendido:<\/div>\n<div style=\"text-align: justify;\">\n<\/div>\n<div style=\"text-align: justify;\">\nRev\u00f3lver calibre 38<\/div>\n<div style=\"text-align: justify;\">\n5 muni\u00e7\u00f5es intactas<\/div>\n<div style=\"text-align: justify;\">\nSiena placa kiq 7850<\/div>\n<div style=\"text-align: justify;\">\nFrontie placa obg 6589<\/div>\n<div style=\"text-align: justify;\">\nHonda Civic placa PGE 4991<\/div>\n<div style=\"text-align: justify;\">\n23 big big de maconha<\/div>\n<div style=\"text-align: justify;\">\n100 gramas de maconha<\/p>\n<p>Informa\u00e7\u00f5es:&nbsp;SDS &#8211; PMPE &#8211; DINTER &#8211; 4\u00b0BPM &#8211;&nbsp;Efetivo do&nbsp;Ca\u00e7a homicida,&nbsp;Cb edinailton,&nbsp;Sd Jos\u00e9 wilk,&nbsp;Sd Flor\u00eancio e&nbsp;Sd germana<\/p><\/div>\n<div style=\"text-align: justify;\">\n<div style=\"text-align: justify;\">\n<\/div>\n<div style=\"text-align: justify;\">\nM.O do Monte BomJesus:&nbsp;SGT Costa,&nbsp;Cb sidney e&nbsp;Sd M\u00e1rio Augusto<\/div>\n<div style=\"text-align: justify;\">\n<\/div>\n<div style=\"text-align: justify;\">\nGT Petr\u00f3polis:&nbsp;Sd janailson e&nbsp;Sd \u00cdcaro<\/p>\n<\/div>\n<div style=\"text-align: justify;\">\n<\/div>\n<\/div>\n","protected":false},"excerpt":{"rendered":"<p>Realizando rondas no bairro Universit\u00e1rio, em Caruaru, a equipe Ca\u00e7a Homicida foi solicitada por um popular que informou que seu&hellip;<\/p>\n","protected":false},"author":1,"featured_media":0,"comment_status":"open","ping_status":"open","sticky":false,"template":"","format":"standard","meta":{"footnotes":""},"categories":[1],"tags":[2147,2,2148,13],"class_list":["post-2063","post","type-post","status-publish","format-standard","hentry","category-sem-categoria","tag-apreendem-drogas-e-prendem-suspeitos-em-caruaru","tag-blog-do-edvaldo-magalhaes","tag-pms-recuperam-tres-carros-roubados","tag-policial"],"_links":{"self":[{"href":"https:\/\/blogdoedvaldomagalhaes.com.br\/index.php\/wp-json\/wp\/v2\/posts\/2063","targetHints":{"allow":["GET"]}}],"collection":[{"href":"https:\/\/blogdoedvaldomagalhaes.com.br\/index.php\/wp-json\/wp\/v2\/posts"}],"about":[{"href":"https:\/\/blogdoedvaldomagalhaes.com.br\/index.php\/wp-json\/wp\/v2\/types\/post"}],"author":[{"embeddable":true,"href":"https:\/\/blogdoedvaldomagalhaes.com.br\/index.php\/wp-json\/wp\/v2\/users\/1"}],"replies":[{"embeddable":true,"href":"https:\/\/blogdoedvaldomagalhaes.com.br\/index.php\/wp-json\/wp\/v2\/comments?post=2063"}],"version-history":[{"count":1,"href":"https:\/\/blogdoedvaldomagalhaes.com.br\/index.php\/wp-json\/wp\/v2\/posts\/2063\/revisions"}],"predecessor-version":[{"id":31807,"href":"https:\/\/blogdoedvaldomagalhaes.com.br\/index.php\/wp-json\/wp\/v2\/posts\/2063\/revisions\/31807"}],"wp:attachment":[{"href":"https:\/\/blogdoedvaldomagalhaes.com.br\/index.php\/wp-json\/wp\/v2\/media?parent=2063"}],"wp:term":[{"taxonomy":"category","embeddable":true,"href":"https:\/\/blogdoedvaldomagalhaes.com.br\/index.php\/wp-json\/wp\/v2\/categories?post=2063"},{"taxonomy":"post_tag","embeddable":true,"href":"https:\/\/blogdoedvaldomagalhaes.com.br\/index.php\/wp-json\/wp\/v2\/tags?post=2063"}],"curies":[{"name":"wp","href":"https:\/\/api.w.org\/{rel}","templated":true}]}}