{"id":2062,"date":"2018-06-15T21:58:00","date_gmt":"2018-06-16T00:58:00","guid":{"rendered":"http:\/\/blogdoedvaldomagalhaes.com.br\/index.php\/2018\/06\/15\/no-domingo-tem-circo-no-sao-joao\/"},"modified":"2019-02-09T02:19:28","modified_gmt":"2019-02-09T04:19:28","slug":"no-domingo-tem-circo-no-sao-joao","status":"publish","type":"post","link":"https:\/\/blogdoedvaldomagalhaes.com.br\/index.php\/2018\/06\/15\/no-domingo-tem-circo-no-sao-joao\/","title":{"rendered":"No domingo tem circo no S\u00e3o Jo\u00e3o Cultural de Caruaru"},"content":{"rendered":"<div class=\"separator\" style=\"clear: both; text-align: center;\">\n<a href=\"https:\/\/4.bp.blogspot.com\/-8I38U8uL-CY\/WyQ2W3TEiUI\/AAAAAAAAzvE\/lQBggLQNUcA0-kSyJbXGwwVP29byTFMOwCLcBGAs\/s1600\/crico%2B3.jpg\" imageanchor=\"1\" style=\"margin-left: 1em; margin-right: 1em;\"><img loading=\"lazy\" decoding=\"async\" border=\"0\" data-original-height=\"427\" data-original-width=\"640\" height=\"426\" src=\"http:\/\/blogdoedvaldomagalhaes.com.br\/wp-content\/uploads\/2018\/06\/crico3.jpg\" width=\"640\" \/><\/a><\/div>\n<div style=\"text-align: justify;\">\n<div style=\"text-align: center;\">\nFotos: S\u00e1tiro Santos&nbsp;<\/div>\n<div style=\"text-align: center;\">\n<\/div>\n<\/div>\n<div style=\"text-align: justify;\">\nRespeit\u00e1vel p\u00fablico, o projeto \u201cS\u00e3o Jo\u00e3o Cultural de Caruaru\u201d orgulhosamente apresenta: Atrapalha\u00e7os, uma interven\u00e7\u00e3o da Cia Brincantes de Circo. O espet\u00e1culo que leva a magia do circo ao maior e melhor S\u00e3o Jo\u00e3o do Mundo ser\u00e1 comandado pelos personagens Bilac e Tapioca, interpretados pelos atores B\u00f3ris Trindade J\u00fanior, o Borica, e Jerl\u00e2ne Silva. A encena\u00e7\u00e3o ir\u00e1 acontecer no pr\u00f3ximo domingo (17\/06) a partir das 17h30 no Polo Infantil Juarez Santiago, localizado na antiga Esta\u00e7\u00e3o Ferrovi\u00e1ria, bem no centro da cidade.<\/div>\n<div style=\"text-align: justify;\">\n<\/div>\n<div class=\"separator\" style=\"clear: both; text-align: center;\">\n<a href=\"https:\/\/1.bp.blogspot.com\/-7w5ruHY4yio\/WyQ2ebA4akI\/AAAAAAAAzvI\/Bp_MY-nHgHMI6V8C9UpQ6dFH0P7NNSNlQCLcBGAs\/s1600\/crico%2B2.jpeg\" imageanchor=\"1\" style=\"margin-left: 1em; margin-right: 1em;\"><img loading=\"lazy\" decoding=\"async\" border=\"0\" data-original-height=\"427\" data-original-width=\"640\" height=\"426\" src=\"http:\/\/blogdoedvaldomagalhaes.com.br\/wp-content\/uploads\/2018\/06\/crico2.jpeg\" width=\"640\" \/><\/a><\/div>\n<div style=\"text-align: justify;\">\n<\/div>\n<div style=\"text-align: justify;\">\n<\/div>\n<div style=\"text-align: justify;\">\nEm 45 minutos de apresenta\u00e7\u00e3o Bilac e Tapioca passeiam pelo incr\u00edvel mundo dos palha\u00e7os, com brincadeiras, encantamento e, claro, muitas risadas. Eles interagem durante toda a pe\u00e7a com a plateia, provocando situa\u00e7\u00f5es c\u00f4micas e ao mesmo tempo l\u00fadicas, despertando \u201ccrian\u00e7as de todas as idades\u201d, como gostam de afirmar. Uma atra\u00e7\u00e3o imperd\u00edvel para reunir toda a fam\u00edlia.<\/div>\n<div style=\"text-align: justify;\">\n<\/div>\n<div style=\"text-align: justify;\">\n<b>Cia Brincantes-<\/b> Fundada em 2011 para trabalhar a mem\u00f3ria e as tradi\u00e7\u00f5es circenses, a Brincantes j\u00e1 realizou espet\u00e1culos, oficinas, aluguel de lonas e a\u00e7\u00f5es socioculturais, al\u00e9m de pesquisa (te\u00f3rica e pr\u00e1tica) na milenar arte do circo. Entre seus espet\u00e1culos est\u00e3o: \u201cQuatro\u201d, estreou em 2011 com dire\u00e7\u00e3o art\u00edstica de Jos\u00e9 Manoel Sobrinho e Circense de B\u00f3ris Trindade J\u00fanior; \u201cCabar\u00e9 &#8211; espet\u00e1culo de variedades circenses\u201d, estreou em 2011 com dire\u00e7\u00e3o de B\u00f3ris Trindade J\u00fanior; \u201cTapioca\u201d, estreou em 2014 com o incentivo do FUNCULTURA e dire\u00e7\u00e3o geral de Jos\u00e9 Manoel Sobrinho. A Cia Brincantes. tamb\u00e9m j\u00e1 desenvolveu v\u00e1rias oficinas de circo. Desde o primeiro semestre de 2014 realiza a coordena\u00e7\u00e3o art\u00edstica e ministra as aulas no Circo Social UNINASSAU, projeto com crian\u00e7as e adolescentes com S\u00edndrome de Down.<\/div>\n<div style=\"text-align: justify;\">\n<\/div>\n<div class=\"separator\" style=\"clear: both; text-align: center;\">\n<a href=\"https:\/\/3.bp.blogspot.com\/-IQylBp9ujUM\/WyQ2ignd3_I\/AAAAAAAAzvM\/hbobH19GwQ8cVo2LjRYZhyGtW6Lu12HPACLcBGAs\/s1600\/circo%2B1.jpg\" imageanchor=\"1\" style=\"margin-left: 1em; margin-right: 1em;\"><img loading=\"lazy\" decoding=\"async\" border=\"0\" data-original-height=\"230\" data-original-width=\"470\" height=\"310\" src=\"http:\/\/blogdoedvaldomagalhaes.com.br\/wp-content\/uploads\/2018\/06\/circo1.jpg\" width=\"640\" \/><\/a><\/div>\n<div style=\"text-align: justify;\">\n<\/div>\n<div style=\"text-align: justify;\">\n<b>S\u00e3o Jo\u00e3o Cultural<\/b> \u2013 O projeto S\u00e3o Jo\u00e3o Cultural \u00e9 desenvolvido pela Luni Produ\u00e7\u00f5es e prefeitura de Caruaru com incentivos da Lei Rouanet e est\u00e1 em cartaz durante toda a programa\u00e7\u00e3o junina da cidade. Filmes, apresenta\u00e7\u00f5es, cinema, teatro e brincadeiras fazem parte da programa\u00e7\u00e3o do S\u00e3o Jo\u00e3o Cultural, que tem como objetivo trabalhar as tradi\u00e7\u00f5es e ra\u00edzes da mais importante festa popular do Nordeste brasileiro.&nbsp;<\/div>\n<div style=\"text-align: justify;\">\n<\/div>\n<div style=\"text-align: justify;\">\n<\/div>\n","protected":false},"excerpt":{"rendered":"<p>Fotos: S\u00e1tiro Santos&nbsp; Respeit\u00e1vel p\u00fablico, o projeto \u201cS\u00e3o Jo\u00e3o Cultural de Caruaru\u201d orgulhosamente apresenta: Atrapalha\u00e7os, uma interven\u00e7\u00e3o da Cia Brincantes&hellip;<\/p>\n","protected":false},"author":1,"featured_media":0,"comment_status":"open","ping_status":"open","sticky":false,"template":"","format":"standard","meta":{"footnotes":""},"categories":[1],"tags":[2,2146,6],"class_list":["post-2062","post","type-post","status-publish","format-standard","hentry","category-sem-categoria","tag-blog-do-edvaldo-magalhaes","tag-no-domingo-tem-circo-no-sao-joao-cultural-de-caruaru","tag-noticias"],"_links":{"self":[{"href":"https:\/\/blogdoedvaldomagalhaes.com.br\/index.php\/wp-json\/wp\/v2\/posts\/2062","targetHints":{"allow":["GET"]}}],"collection":[{"href":"https:\/\/blogdoedvaldomagalhaes.com.br\/index.php\/wp-json\/wp\/v2\/posts"}],"about":[{"href":"https:\/\/blogdoedvaldomagalhaes.com.br\/index.php\/wp-json\/wp\/v2\/types\/post"}],"author":[{"embeddable":true,"href":"https:\/\/blogdoedvaldomagalhaes.com.br\/index.php\/wp-json\/wp\/v2\/users\/1"}],"replies":[{"embeddable":true,"href":"https:\/\/blogdoedvaldomagalhaes.com.br\/index.php\/wp-json\/wp\/v2\/comments?post=2062"}],"version-history":[{"count":1,"href":"https:\/\/blogdoedvaldomagalhaes.com.br\/index.php\/wp-json\/wp\/v2\/posts\/2062\/revisions"}],"predecessor-version":[{"id":31811,"href":"https:\/\/blogdoedvaldomagalhaes.com.br\/index.php\/wp-json\/wp\/v2\/posts\/2062\/revisions\/31811"}],"wp:attachment":[{"href":"https:\/\/blogdoedvaldomagalhaes.com.br\/index.php\/wp-json\/wp\/v2\/media?parent=2062"}],"wp:term":[{"taxonomy":"category","embeddable":true,"href":"https:\/\/blogdoedvaldomagalhaes.com.br\/index.php\/wp-json\/wp\/v2\/categories?post=2062"},{"taxonomy":"post_tag","embeddable":true,"href":"https:\/\/blogdoedvaldomagalhaes.com.br\/index.php\/wp-json\/wp\/v2\/tags?post=2062"}],"curies":[{"name":"wp","href":"https:\/\/api.w.org\/{rel}","templated":true}]}}