{"id":2061,"date":"2018-06-15T22:02:00","date_gmt":"2018-06-16T01:02:00","guid":{"rendered":"http:\/\/blogdoedvaldomagalhaes.com.br\/index.php\/2018\/06\/15\/prefeita-raquel-lyra-entrega-2\/"},"modified":"2019-02-09T02:19:29","modified_gmt":"2019-02-09T04:19:29","slug":"prefeita-raquel-lyra-entrega-2","status":"publish","type":"post","link":"https:\/\/blogdoedvaldomagalhaes.com.br\/index.php\/2018\/06\/15\/prefeita-raquel-lyra-entrega-2\/","title":{"rendered":"Prefeita Raquel Lyra entrega certificados a adolescentes na Casa das Juventudes"},"content":{"rendered":"<div class=\"separator\" style=\"clear: both; text-align: center;\">\n<a href=\"https:\/\/2.bp.blogspot.com\/-el5hPSN1E8E\/WyQ3a1Uv5LI\/AAAAAAAAzvg\/AUufwdyS-10YGE-HG3WGG3UTdRILwuqfQCLcBGAs\/s1600\/casa%2B1.jpg\" imageanchor=\"1\" style=\"margin-left: 1em; margin-right: 1em;\"><img loading=\"lazy\" decoding=\"async\" border=\"0\" data-original-height=\"1067\" data-original-width=\"1600\" height=\"426\" src=\"http:\/\/blogdoedvaldomagalhaes.com.br\/wp-content\/uploads\/2018\/06\/casa1.jpg\" width=\"640\" \/><\/a><\/div>\n<div style=\"text-align: justify;\">\n<\/div>\n<div style=\"text-align: justify;\">\nNesta sexta-feira (15), 150 jovens que passaram por capacita\u00e7\u00e3o na Casa das Juventudes de Caruaru, receberam os certificados das oficinas promovidas pela Prefeitura Municipal, atrav\u00e9s da Secretaria de Desenvolvimento Social e Direitos Humanos. O encontro aconteceu no pr\u00e9dio do programa no munic\u00edpio, onde cinco cursos foram realizados pela Coordena\u00e7\u00e3o de Juventude, no per\u00edodo de 16 de abril a 15 de junho deste ano, no Bairro S\u00e3o Francisco.<\/div>\n<div style=\"text-align: justify;\">\n<\/div>\n<div class=\"separator\" style=\"clear: both; text-align: center;\">\n<a href=\"https:\/\/1.bp.blogspot.com\/-5mSafXNCcmM\/WyQ3f-VKSVI\/AAAAAAAAzvk\/tmol4zUQ3KwKf_xeX-0HgsTCZ756iyZfACLcBGAs\/s1600\/casa%2B2.jpg\" imageanchor=\"1\" style=\"margin-left: 1em; margin-right: 1em;\"><img loading=\"lazy\" decoding=\"async\" border=\"0\" data-original-height=\"1067\" data-original-width=\"1600\" height=\"426\" src=\"http:\/\/blogdoedvaldomagalhaes.com.br\/wp-content\/uploads\/2018\/06\/casa2.jpg\" width=\"640\" \/><\/a><\/div>\n<div style=\"text-align: justify;\">\n<\/div>\n<div style=\"text-align: justify;\">\nA prefeita Raquel Lyra celebrou este momento junto aos estudantes, que teve tamb\u00e9m uma representa\u00e7\u00e3o simb\u00f3lica pelo fato dela ter sido a idealizadora do Programa Casa das Juventudes, enquanto Secret\u00e1ria da Crian\u00e7a e Juventude, pelo Governo do Estado. Nessa \u00e9poca, a san\u00e7\u00e3o da regulamenta\u00e7\u00e3o da lei n\u00ba 14.577\/2011 foi assinada pelo governador em exerc\u00edcio, Jo\u00e3o Lyra Neto.<\/p>\n<\/div>\n<div style=\"text-align: justify;\">\n<div class=\"separator\" style=\"clear: both; text-align: center;\">\n<a href=\"https:\/\/2.bp.blogspot.com\/-JTrorZ2yPYk\/WyQ3pC5_S5I\/AAAAAAAAzvo\/jLuFRNZysgUMGfLGeXCg89DlWUZNx-bwwCLcBGAs\/s1600\/casa%2B3.jpg\" imageanchor=\"1\" style=\"margin-left: 1em; margin-right: 1em;\"><img loading=\"lazy\" decoding=\"async\" border=\"0\" data-original-height=\"1067\" data-original-width=\"1600\" height=\"426\" src=\"http:\/\/blogdoedvaldomagalhaes.com.br\/wp-content\/uploads\/2018\/06\/casa3.jpg\" width=\"640\" \/><\/a><\/div>\n<p><\/div>\n<div style=\"text-align: justify;\">\n\u201cPara mim \u00e9 uma alegria diferenciada porque a gente lutou muito para o programa acontecer em cada um dos munic\u00edpios do nosso estado e trabalhar n\u00e3o s\u00f3 a quest\u00e3o da qualifica\u00e7\u00e3o profissional, mas a discuss\u00e3o das pol\u00edticas p\u00fablicas entre os jovens, como bem foi colocado hoje aqui por eles pr\u00f3prios, que ocupam esse espa\u00e7o. Agora n\u00f3s estamos fazendo o programa de qualifica\u00e7\u00e3o para a partir de julho lan\u00e7ar como pol\u00edtica p\u00fablica do nosso munic\u00edpio, nas mais diversas secretarias\u201d, ressaltou Raquel.&nbsp;<\/p>\n<\/div>\n<div style=\"text-align: justify;\">\n<div class=\"separator\" style=\"clear: both; text-align: center;\">\n<a href=\"https:\/\/3.bp.blogspot.com\/-mXbtXrputY8\/WyQ3vJhatJI\/AAAAAAAAzvw\/QdCvrg4mM28CtpJb2p3iWRbH2b8xG8KhwCLcBGAs\/s1600\/casa%2B4.jpg\" imageanchor=\"1\" style=\"margin-left: 1em; margin-right: 1em;\"><img loading=\"lazy\" decoding=\"async\" border=\"0\" data-original-height=\"1067\" data-original-width=\"1600\" height=\"426\" src=\"http:\/\/blogdoedvaldomagalhaes.com.br\/wp-content\/uploads\/2018\/06\/casa4.jpg\" width=\"640\" \/><\/a><\/div>\n<p><\/div>\n<div style=\"text-align: justify;\">\nPara este momento foram oferecidas oficinas profissionalizantes de Inform\u00e1tica e Espanhol b\u00e1sicos, assim como Fotografia, Photoshop e Programa\u00e7\u00e3o, com per\u00edodo m\u00e9dio de 36 horas-aulas cada uma. O projeto de capacita\u00e7\u00f5es foi voltado para a inser\u00e7\u00e3o dos jovens no mercado de trabalho com idade entre 14 e 29 anos, onde, nessa leva, foram inclu\u00eddos 11 adolescentes em medida socioeducativa de semiliberdade, atrav\u00e9s de parcerias.<\/p>\n<\/div>\n<div style=\"text-align: justify;\">\n<div class=\"separator\" style=\"clear: both; text-align: center;\">\n<a href=\"https:\/\/2.bp.blogspot.com\/-WtndhKg-0F4\/WyQ30nPRcLI\/AAAAAAAAzv4\/Em0jL7UyA9QDh54K-_o9tWGjfc4Sw-NmwCLcBGAs\/s1600\/casa%2B5.jpg\" imageanchor=\"1\" style=\"margin-left: 1em; margin-right: 1em;\"><img loading=\"lazy\" decoding=\"async\" border=\"0\" data-original-height=\"1067\" data-original-width=\"1600\" height=\"426\" src=\"http:\/\/blogdoedvaldomagalhaes.com.br\/wp-content\/uploads\/2018\/06\/casa5.jpg\" width=\"640\" \/><\/a><\/div>\n<p><\/div>\n<div style=\"text-align: justify;\">\n\u201cFoi a oportunidade que esses adolescentes tiveram de se profissionalizarem no retorno ao conv\u00edcio da sociedade. Sem isso, fica dif\u00edcil resgat\u00e1-los das drogas e da criminalidade. \u00c9 um trabalho que d\u00e1 resultado, como aconteceu com um dos nossos jovens que foi liberado h\u00e1 15 dias e iniciou o trabalho dele num \u2018ciber\u2019 em Santa Cruz do Capibaribe. \u00c9 gratificante saber que daqui hoje tamb\u00e9m saem outros dois instrutores nossos, formados pela Casa das Juventudes\u201d, destacou a coordenadora geral da Funase-Casem Caruaru, Anabel Brand\u00e3o.<\/div>\n","protected":false},"excerpt":{"rendered":"<p>Nesta sexta-feira (15), 150 jovens que passaram por capacita\u00e7\u00e3o na Casa das Juventudes de Caruaru, receberam os certificados das oficinas&hellip;<\/p>\n","protected":false},"author":1,"featured_media":0,"comment_status":"open","ping_status":"open","sticky":false,"template":"","format":"standard","meta":{"footnotes":""},"categories":[1],"tags":[2,6,2145],"class_list":["post-2061","post","type-post","status-publish","format-standard","hentry","category-sem-categoria","tag-blog-do-edvaldo-magalhaes","tag-noticias","tag-prefeita-raquel-lyra-entrega-certificados-a-adolescentes-na-casa-das-juventudes"],"_links":{"self":[{"href":"https:\/\/blogdoedvaldomagalhaes.com.br\/index.php\/wp-json\/wp\/v2\/posts\/2061","targetHints":{"allow":["GET"]}}],"collection":[{"href":"https:\/\/blogdoedvaldomagalhaes.com.br\/index.php\/wp-json\/wp\/v2\/posts"}],"about":[{"href":"https:\/\/blogdoedvaldomagalhaes.com.br\/index.php\/wp-json\/wp\/v2\/types\/post"}],"author":[{"embeddable":true,"href":"https:\/\/blogdoedvaldomagalhaes.com.br\/index.php\/wp-json\/wp\/v2\/users\/1"}],"replies":[{"embeddable":true,"href":"https:\/\/blogdoedvaldomagalhaes.com.br\/index.php\/wp-json\/wp\/v2\/comments?post=2061"}],"version-history":[{"count":1,"href":"https:\/\/blogdoedvaldomagalhaes.com.br\/index.php\/wp-json\/wp\/v2\/posts\/2061\/revisions"}],"predecessor-version":[{"id":31817,"href":"https:\/\/blogdoedvaldomagalhaes.com.br\/index.php\/wp-json\/wp\/v2\/posts\/2061\/revisions\/31817"}],"wp:attachment":[{"href":"https:\/\/blogdoedvaldomagalhaes.com.br\/index.php\/wp-json\/wp\/v2\/media?parent=2061"}],"wp:term":[{"taxonomy":"category","embeddable":true,"href":"https:\/\/blogdoedvaldomagalhaes.com.br\/index.php\/wp-json\/wp\/v2\/categories?post=2061"},{"taxonomy":"post_tag","embeddable":true,"href":"https:\/\/blogdoedvaldomagalhaes.com.br\/index.php\/wp-json\/wp\/v2\/tags?post=2061"}],"curies":[{"name":"wp","href":"https:\/\/api.w.org\/{rel}","templated":true}]}}