{"id":2060,"date":"2018-06-15T22:07:00","date_gmt":"2018-06-16T01:07:00","guid":{"rendered":"http:\/\/blogdoedvaldomagalhaes.com.br\/index.php\/2018\/06\/15\/expresso-sao-joao-leva-forrozeiros-para_15\/"},"modified":"2019-02-09T02:19:37","modified_gmt":"2019-02-09T04:19:37","slug":"expresso-sao-joao-leva-forrozeiros-para_15","status":"publish","type":"post","link":"https:\/\/blogdoedvaldomagalhaes.com.br\/index.php\/2018\/06\/15\/expresso-sao-joao-leva-forrozeiros-para_15\/","title":{"rendered":"Expresso S\u00e3o Jo\u00e3o leva forrozeiros para o p\u00e1tio de eventos e tamb\u00e9m para a zona rural em noites de shows"},"content":{"rendered":"<div class=\"separator\" style=\"clear: both; text-align: center;\">\n<a href=\"https:\/\/1.bp.blogspot.com\/-kWVoC67hl3I\/WyQ4q7LQcjI\/AAAAAAAAzwQ\/Y92GB18THnEn1WpcY-246BVVnsTcQmzDACEwYBhgL\/s1600\/ro%25C3%25A7a%2B1.jpeg\" imageanchor=\"1\" style=\"margin-left: 1em; margin-right: 1em;\"><img loading=\"lazy\" decoding=\"async\" border=\"0\" data-original-height=\"1279\" data-original-width=\"1280\" height=\"634\" src=\"http:\/\/blogdoedvaldomagalhaes.com.br\/wp-content\/uploads\/2018\/06\/roC3A7a1.jpeg\" width=\"640\" \/><\/a><\/div>\n<div class=\"separator\" style=\"clear: both; text-align: center;\">\n<\/div>\n<div style=\"text-align: justify;\">\n<\/div>\n<div style=\"text-align: justify;\">\nOs forrozeiros que desejam acompanhar a programa\u00e7\u00e3o do S\u00e3o Jo\u00e3o na Ro\u00e7a ou os festejos do P\u00e1tio de Eventos de forma mais segura, contam com o Expresso S\u00e3o Jo\u00e3o. O servi\u00e7o, que funciona todos os dias de shows, tem a proposta de garantir mais mobilidade no entorno dos polos e uma op\u00e7\u00e3o segura para os forrozeiros estacionarem seus ve\u00edculos.<\/div>\n<div style=\"text-align: justify;\">\n<\/div>\n<div style=\"text-align: justify;\">\nAs vans estar\u00e3o operando o Expresso S\u00e3o Jo\u00e3o, todos os dias de shows, com sa\u00eddas a cada 30 minutos do Caruaru Shopping, entre 18h e 3h. O forrozeiro estaciona seu ve\u00edculo no Caruaru Shopping e segue para o P\u00e1tio de Eventos no conforto do Expresso, com parada exclusiva na rua Coronel Limeira, pr\u00f3xima a uma das principais entradas do Polo junino. As pulseiras para o Expresso S\u00e3o Jo\u00e3o custam R$ 8,00, valor unit\u00e1rio que garante ida e volta e ser\u00e3o comercializadas em estande localizado pr\u00f3ximo \u00e0 pra\u00e7a de alimenta\u00e7\u00e3o gourmet do Caruaru Shopping, no hor\u00e1rio das 17h \u00e0s 23h. Pelo estacionamento o usu\u00e1rio paga o valor habitual, sendo R$ 8,00 at\u00e9 quatro horas de perman\u00eancia e R$ 16,00 a pernoite.<\/p>\n<\/div>\n<div style=\"text-align: justify;\">\n<div class=\"separator\" style=\"clear: both; text-align: center;\">\n<a href=\"https:\/\/1.bp.blogspot.com\/-oB6y6AExUTY\/WyQ4jXpye1I\/AAAAAAAAzwM\/ixlCRzN_gJYpEExwFNsV9BwguppPUpDrgCEwYBhgL\/s1600\/tem%2B1.jpeg\" imageanchor=\"1\" style=\"margin-left: 1em; margin-right: 1em;\"><img loading=\"lazy\" decoding=\"async\" border=\"0\" data-original-height=\"567\" data-original-width=\"567\" height=\"640\" src=\"http:\/\/blogdoedvaldomagalhaes.com.br\/wp-content\/uploads\/2018\/06\/tem1.jpeg\" width=\"640\" \/><\/a><\/div>\n<\/div>\n<div style=\"text-align: justify;\">\n<\/div>\n<div style=\"text-align: justify;\">\nJ\u00e1 quem se programar para acompanhar o S\u00e3o Jo\u00e3o na Ro\u00e7a, pode contar tamb\u00e9m com esse servi\u00e7o. Nesta sexta-feira, 15, um \u00f4nibus da empresa Coletivo far\u00e1 a viagem com destino ao S\u00edtio Malhada de Pedra. As passagens custam 3,70. J\u00e1 no s\u00e1bado, 16, o Expresso da empresa Capital do Agreste segue para Vila Peladas, com passagens no valor de R$ 4,40. Os \u00f4nibus sair\u00e3o sempre \u00e0s 19h, da avenida Rio Branco, em frente ao Grande Hotel, com retorno para a cidade \u00e0s 00h.<\/div>\n","protected":false},"excerpt":{"rendered":"<p>Os forrozeiros que desejam acompanhar a programa\u00e7\u00e3o do S\u00e3o Jo\u00e3o na Ro\u00e7a ou os festejos do P\u00e1tio de Eventos de&hellip;<\/p>\n","protected":false},"author":1,"featured_media":0,"comment_status":"open","ping_status":"open","sticky":false,"template":"","format":"standard","meta":{"footnotes":""},"categories":[1],"tags":[2,2144,6],"class_list":["post-2060","post","type-post","status-publish","format-standard","hentry","category-sem-categoria","tag-blog-do-edvaldo-magalhaes","tag-expresso-sao-joao-leva-forrozeiros-para-o-patio-de-eventos-e-tambem-para-a-zona-rural-em-noites-de-shows","tag-noticias"],"_links":{"self":[{"href":"https:\/\/blogdoedvaldomagalhaes.com.br\/index.php\/wp-json\/wp\/v2\/posts\/2060","targetHints":{"allow":["GET"]}}],"collection":[{"href":"https:\/\/blogdoedvaldomagalhaes.com.br\/index.php\/wp-json\/wp\/v2\/posts"}],"about":[{"href":"https:\/\/blogdoedvaldomagalhaes.com.br\/index.php\/wp-json\/wp\/v2\/types\/post"}],"author":[{"embeddable":true,"href":"https:\/\/blogdoedvaldomagalhaes.com.br\/index.php\/wp-json\/wp\/v2\/users\/1"}],"replies":[{"embeddable":true,"href":"https:\/\/blogdoedvaldomagalhaes.com.br\/index.php\/wp-json\/wp\/v2\/comments?post=2060"}],"version-history":[{"count":1,"href":"https:\/\/blogdoedvaldomagalhaes.com.br\/index.php\/wp-json\/wp\/v2\/posts\/2060\/revisions"}],"predecessor-version":[{"id":31820,"href":"https:\/\/blogdoedvaldomagalhaes.com.br\/index.php\/wp-json\/wp\/v2\/posts\/2060\/revisions\/31820"}],"wp:attachment":[{"href":"https:\/\/blogdoedvaldomagalhaes.com.br\/index.php\/wp-json\/wp\/v2\/media?parent=2060"}],"wp:term":[{"taxonomy":"category","embeddable":true,"href":"https:\/\/blogdoedvaldomagalhaes.com.br\/index.php\/wp-json\/wp\/v2\/categories?post=2060"},{"taxonomy":"post_tag","embeddable":true,"href":"https:\/\/blogdoedvaldomagalhaes.com.br\/index.php\/wp-json\/wp\/v2\/tags?post=2060"}],"curies":[{"name":"wp","href":"https:\/\/api.w.org\/{rel}","templated":true}]}}