{"id":2059,"date":"2018-06-15T22:17:00","date_gmt":"2018-06-16T01:17:00","guid":{"rendered":"http:\/\/blogdoedvaldomagalhaes.com.br\/index.php\/2018\/06\/15\/policia-civil-prende-criminoso-mais\/"},"modified":"2019-02-09T02:19:37","modified_gmt":"2019-02-09T04:19:37","slug":"policia-civil-prende-criminoso-mais","status":"publish","type":"post","link":"https:\/\/blogdoedvaldomagalhaes.com.br\/index.php\/2018\/06\/15\/policia-civil-prende-criminoso-mais\/","title":{"rendered":"Pol\u00edcia Civil prende criminoso mais procurado de Pernambuco, respons\u00e1vel por chacina no Litoral Sul"},"content":{"rendered":"<div class=\"separator\" style=\"clear: both; text-align: center;\">\n<a href=\"https:\/\/3.bp.blogspot.com\/-DNyF41dmT1c\/WyQ7AU5W1mI\/AAAAAAAAzwg\/WBrGeHllk2osTMHb2nS96Thz7gXaX75cgCLcBGAs\/s1600\/pc.jpg\" imageanchor=\"1\" style=\"margin-left: 1em; margin-right: 1em;\"><img loading=\"lazy\" decoding=\"async\" border=\"0\" data-original-height=\"257\" data-original-width=\"300\" height=\"546\" src=\"http:\/\/blogdoedvaldomagalhaes.com.br\/wp-content\/uploads\/2018\/06\/pc.jpg\" width=\"640\" \/><\/a><\/div>\n<div style=\"background-color: white; box-sizing: border-box; line-height: 24px; margin-bottom: 10px; text-align: justify;\">\n<\/div>\n<div style=\"background-color: white; box-sizing: border-box; line-height: 24px; margin-bottom: 10px; text-align: justify;\">\nA Pol\u00edcia Civil de Pernambuco prendeu, nesta sexta-feira (15), o criminoso mais procurado do Estado. Trata-se de Ant\u00f4nio Carlos da Silva, 32 anos, vulgo \u2018Buchudo\u2019. Entre os v\u00e1rios crimes cometidos e uma extensa ficha criminal, ele foi respons\u00e1vel pelo assassinato de cinco pessoas em S\u00e3o Jos\u00e9 da Coroa Grande, no Litoral Sul. A chacina ocorreu no dia 17 de fevereiro deste ano.<\/div>\n<div style=\"background-color: white; box-sizing: border-box; line-height: 24px; margin-bottom: 10px; text-align: justify;\">\nDe acordo com a Pol\u00edcia Civil, desde o dia do fato, atrav\u00e9s da sua Diretoria Integrada de Intelig\u00eancia (Dintel), da Diretoria Integrada de Interior 1 (Dinter 1) e do N\u00facleo de Intelig\u00eancia da Zona da Mata, envidou esfor\u00e7os no sentido de localizar e capturar o criminoso.<\/div>\n<div style=\"background-color: white; box-sizing: border-box; line-height: 24px; margin-bottom: 10px; text-align: justify;\">\nOs detalhes da pris\u00e3o ser\u00e3o revelados durante uma coletiva de imprensa na pr\u00f3xima segunda-feira (18), no audit\u00f3rio da Sede Administrativa da Pol\u00edcia Civil, no Recife.<\/div>\n<div style=\"background-color: white; box-sizing: border-box; line-height: 24px; margin-bottom: 10px; text-align: justify;\">\n<\/div>\n","protected":false},"excerpt":{"rendered":"<p>A Pol\u00edcia Civil de Pernambuco prendeu, nesta sexta-feira (15), o criminoso mais procurado do Estado. Trata-se de Ant\u00f4nio Carlos da&hellip;<\/p>\n","protected":false},"author":1,"featured_media":0,"comment_status":"open","ping_status":"open","sticky":false,"template":"","format":"standard","meta":{"footnotes":""},"categories":[1],"tags":[2,2142,13,2143],"class_list":["post-2059","post","type-post","status-publish","format-standard","hentry","category-sem-categoria","tag-blog-do-edvaldo-magalhaes","tag-policia-civil-prende-criminoso-mais-procurado-de-pernambuco","tag-policial","tag-responsavel-por-chacina-no-litoral-sul"],"_links":{"self":[{"href":"https:\/\/blogdoedvaldomagalhaes.com.br\/index.php\/wp-json\/wp\/v2\/posts\/2059","targetHints":{"allow":["GET"]}}],"collection":[{"href":"https:\/\/blogdoedvaldomagalhaes.com.br\/index.php\/wp-json\/wp\/v2\/posts"}],"about":[{"href":"https:\/\/blogdoedvaldomagalhaes.com.br\/index.php\/wp-json\/wp\/v2\/types\/post"}],"author":[{"embeddable":true,"href":"https:\/\/blogdoedvaldomagalhaes.com.br\/index.php\/wp-json\/wp\/v2\/users\/1"}],"replies":[{"embeddable":true,"href":"https:\/\/blogdoedvaldomagalhaes.com.br\/index.php\/wp-json\/wp\/v2\/comments?post=2059"}],"version-history":[{"count":1,"href":"https:\/\/blogdoedvaldomagalhaes.com.br\/index.php\/wp-json\/wp\/v2\/posts\/2059\/revisions"}],"predecessor-version":[{"id":31822,"href":"https:\/\/blogdoedvaldomagalhaes.com.br\/index.php\/wp-json\/wp\/v2\/posts\/2059\/revisions\/31822"}],"wp:attachment":[{"href":"https:\/\/blogdoedvaldomagalhaes.com.br\/index.php\/wp-json\/wp\/v2\/media?parent=2059"}],"wp:term":[{"taxonomy":"category","embeddable":true,"href":"https:\/\/blogdoedvaldomagalhaes.com.br\/index.php\/wp-json\/wp\/v2\/categories?post=2059"},{"taxonomy":"post_tag","embeddable":true,"href":"https:\/\/blogdoedvaldomagalhaes.com.br\/index.php\/wp-json\/wp\/v2\/tags?post=2059"}],"curies":[{"name":"wp","href":"https:\/\/api.w.org\/{rel}","templated":true}]}}