{"id":2042,"date":"2018-06-17T20:18:00","date_gmt":"2018-06-17T23:18:00","guid":{"rendered":"http:\/\/blogdoedvaldomagalhaes.com.br\/index.php\/2018\/06\/17\/acusado-de-homicidio-qualificado-no\/"},"modified":"2019-02-09T02:19:52","modified_gmt":"2019-02-09T04:19:52","slug":"acusado-de-homicidio-qualificado-no","status":"publish","type":"post","link":"https:\/\/blogdoedvaldomagalhaes.com.br\/index.php\/2018\/06\/17\/acusado-de-homicidio-qualificado-no\/","title":{"rendered":"Acusado de homic\u00eddio qualificado no Cear\u00e1 foi preso em Caruaru com ajuda do Disque Den\u00fancia"},"content":{"rendered":"<div class=\"separator\" style=\"clear: both; text-align: center;\">\n<a href=\"https:\/\/3.bp.blogspot.com\/-i1LqzzLLD9s\/WybB6M_eRzI\/AAAAAAAAz3Y\/uDj8VQ1kzfECKiG6pWSN4MSSJyGyScoGQCLcBGAs\/s1600\/ele.png\" imageanchor=\"1\" style=\"margin-left: 1em; margin-right: 1em;\"><img loading=\"lazy\" decoding=\"async\" border=\"0\" data-original-height=\"512\" data-original-width=\"358\" height=\"640\" src=\"http:\/\/blogdoedvaldomagalhaes.com.br\/wp-content\/uploads\/2018\/06\/ele.png\" width=\"446\" \/><\/a><\/div>\n<div class=\"separator\" style=\"clear: both; text-align: center;\">\nFoto: Disque Den\u00fancia\/Divulga\u00e7\u00e3o<\/div>\n<div style=\"text-align: justify;\">\n<\/div>\n<div style=\"text-align: justify;\">\nNa \u00faltima sexta-feira (15), com dados repassados por populares \u00e0 Central Disque Den\u00fancia Agreste, equipes da Pol\u00edcia Civil, da PMPE e PCPE\/ DINTER1\/GCOI1 \/AIS14\/MALHAS DA LEI, cumpriram mandado de pris\u00e3o que foi expedido pela Primeira Vara Criminal da Comarca de Juazeiro do Norte-CE, em desfavor de HUDES DE MOURA ORTIZ, vulgo &#8220;Hudson ou Coroa&#8221; 48 anos.&nbsp;<\/div>\n<div style=\"text-align: justify;\">\n<\/div>\n<div style=\"text-align: justify;\">\nO denunciado foi encontrado em sua resid\u00eancia, no S\u00edtio Hotel Resid\u00eancia, em Caruaru.&nbsp;<\/div>\n<div style=\"text-align: justify;\">\n<\/div>\n<div style=\"text-align: justify;\">\nFoi realizada a abordagem e consulta no BNMP \/ CNJ, e confirmado o Mandado de Pris\u00e3o pelo crime de Homic\u00eddio Qualificado. Ap\u00f3s realiza\u00e7\u00e3o de exame Traumatol\u00f3gico, o preso foi recolhido por esta Equipe \u00e0 Penitenci\u00e1ria Juiz Pl\u00e1cido de Souza, em Caruaru-PE.<\/div>\n<div style=\"text-align: justify;\">\n<\/div>\n<div style=\"text-align: justify;\">\nO servi\u00e7o do Disque Den\u00fancia Agreste funciona de Segunda \u00e0 Sabado, das 7h \u00e0s 19h pelo telefone (81) 3719 4545. Quem precisar denunciar fora do hor\u00e1rio de expediente pode acessar disquedenunciape.com.br.&nbsp;<\/div>\n<div>\n<\/div>\n","protected":false},"excerpt":{"rendered":"<p>Foto: Disque Den\u00fancia\/Divulga\u00e7\u00e3o Na \u00faltima sexta-feira (15), com dados repassados por populares \u00e0 Central Disque Den\u00fancia Agreste, equipes da Pol\u00edcia&hellip;<\/p>\n","protected":false},"author":1,"featured_media":0,"comment_status":"open","ping_status":"open","sticky":false,"template":"","format":"standard","meta":{"footnotes":""},"categories":[1],"tags":[2122,2,13],"class_list":["post-2042","post","type-post","status-publish","format-standard","hentry","category-sem-categoria","tag-acusado-de-homicidio-qualificado-no-ceara-foi-preso-em-caruaru-com-ajuda-do-disque-denuncia","tag-blog-do-edvaldo-magalhaes","tag-policial"],"_links":{"self":[{"href":"https:\/\/blogdoedvaldomagalhaes.com.br\/index.php\/wp-json\/wp\/v2\/posts\/2042","targetHints":{"allow":["GET"]}}],"collection":[{"href":"https:\/\/blogdoedvaldomagalhaes.com.br\/index.php\/wp-json\/wp\/v2\/posts"}],"about":[{"href":"https:\/\/blogdoedvaldomagalhaes.com.br\/index.php\/wp-json\/wp\/v2\/types\/post"}],"author":[{"embeddable":true,"href":"https:\/\/blogdoedvaldomagalhaes.com.br\/index.php\/wp-json\/wp\/v2\/users\/1"}],"replies":[{"embeddable":true,"href":"https:\/\/blogdoedvaldomagalhaes.com.br\/index.php\/wp-json\/wp\/v2\/comments?post=2042"}],"version-history":[{"count":1,"href":"https:\/\/blogdoedvaldomagalhaes.com.br\/index.php\/wp-json\/wp\/v2\/posts\/2042\/revisions"}],"predecessor-version":[{"id":31873,"href":"https:\/\/blogdoedvaldomagalhaes.com.br\/index.php\/wp-json\/wp\/v2\/posts\/2042\/revisions\/31873"}],"wp:attachment":[{"href":"https:\/\/blogdoedvaldomagalhaes.com.br\/index.php\/wp-json\/wp\/v2\/media?parent=2042"}],"wp:term":[{"taxonomy":"category","embeddable":true,"href":"https:\/\/blogdoedvaldomagalhaes.com.br\/index.php\/wp-json\/wp\/v2\/categories?post=2042"},{"taxonomy":"post_tag","embeddable":true,"href":"https:\/\/blogdoedvaldomagalhaes.com.br\/index.php\/wp-json\/wp\/v2\/tags?post=2042"}],"curies":[{"name":"wp","href":"https:\/\/api.w.org\/{rel}","templated":true}]}}