{"id":2040,"date":"2018-06-18T03:33:00","date_gmt":"2018-06-18T06:33:00","guid":{"rendered":"http:\/\/blogdoedvaldomagalhaes.com.br\/index.php\/2018\/06\/18\/16-caminhada-do-forro-arrasta-multidao\/"},"modified":"2019-02-09T02:19:58","modified_gmt":"2019-02-09T04:19:58","slug":"16-caminhada-do-forro-arrasta-multidao","status":"publish","type":"post","link":"https:\/\/blogdoedvaldomagalhaes.com.br\/index.php\/2018\/06\/18\/16-caminhada-do-forro-arrasta-multidao\/","title":{"rendered":"16\u00aa Caminhada do Forr\u00f3 arrasta multid\u00e3o \u00e0 Vila do Rangel"},"content":{"rendered":"<div class=\"separator\" style=\"clear: both; text-align: center;\">\n<a href=\"https:\/\/2.bp.blogspot.com\/-dL9h5CdAmcM\/Wycnl1W8M6I\/AAAAAAAAz30\/zvbaKzr-XBEvcHrE5Xfl1gcQLYaiLHcdwCLcBGAs\/s1600\/3.jpg\" imageanchor=\"1\" style=\"margin-left: 1em; margin-right: 1em;\"><img loading=\"lazy\" decoding=\"async\" border=\"0\" data-original-height=\"778\" data-original-width=\"1600\" height=\"310\" src=\"http:\/\/blogdoedvaldomagalhaes.com.br\/wp-content\/uploads\/2018\/06\/3-8.jpg\" width=\"640\" \/><\/a><\/div>\n<div style=\"text-align: justify;\">\n<\/div>\n<div style=\"text-align: justify;\">\nMilhares de forrozeiros vestidos de verde e amarelo participaram nesse domingo (17) de um dos mais tradicionais eventos juninos de Riacho das Almas. A Caminhada do Forr\u00f3, que em 2018 chegou \u00e0 sua 16\u00aa edi\u00e7\u00e3o, atraiu muita gente que caminhou da sede do munic\u00edpio sentido Vila do Rangel com muita anima\u00e7\u00e3o trazendo tamb\u00e9m a tem\u00e1tica da Copa do Mundo, uma vez que neste domingo tamb\u00e9m foi a estreia da sele\u00e7\u00e3o brasileira no mundial da R\u00fassia. O percurso foi puxado pela Banda Rei do Canga\u00e7o, que realizou seu show em cima de um trio el\u00e9trico.<\/div>\n<div style=\"text-align: justify;\">\n<\/div>\n<div class=\"separator\" style=\"clear: both; text-align: center;\">\n<a href=\"https:\/\/4.bp.blogspot.com\/-LzgbL9KiMnw\/WycnxW54wtI\/AAAAAAAAz34\/D8IDhfeLxoc_buea7v2-R81vnLg1V1XigCLcBGAs\/s1600\/2.jpg\" imageanchor=\"1\" style=\"margin-left: 1em; margin-right: 1em;\"><img loading=\"lazy\" decoding=\"async\" border=\"0\" data-original-height=\"778\" data-original-width=\"1600\" height=\"310\" src=\"http:\/\/blogdoedvaldomagalhaes.com.br\/wp-content\/uploads\/2018\/06\/2-10.jpg\" width=\"640\" \/><\/a><\/div>\n<div style=\"text-align: justify;\">\n<\/div>\n<div style=\"text-align: justify;\">\nNa Vila do Rangel uma grande estrutura montada pela Prefeitura de Riacho das Almas esperava os forrozeiros. Estacionamento, seguran\u00e7a com efetivo ostensivo da Pol\u00edcia Militar al\u00e9m do apoio de profissionais contratados pela Prefeitura para este fim garantiram a tranquilidade das pessoas que participaram da festa. Al\u00e9m disso, a Secretaria de Sa\u00fade disponibilizou uma ambul\u00e2ncia e profissionais para atendimento m\u00e9dico, bem como bombeiros civis para o caso de emerg\u00eancias.<\/div>\n<div style=\"text-align: justify;\">\n<\/div>\n<div class=\"separator\" style=\"clear: both; text-align: center;\">\n<a href=\"https:\/\/2.bp.blogspot.com\/-hof4XjjRl-I\/Wycn6TB67hI\/AAAAAAAAz4A\/IrLt_i9Xl2MHPa2qDuGxG9w1q_fX5MBAQCLcBGAs\/s1600\/4.jpg\" imageanchor=\"1\" style=\"margin-left: 1em; margin-right: 1em;\"><img loading=\"lazy\" decoding=\"async\" border=\"0\" data-original-height=\"778\" data-original-width=\"1600\" height=\"310\" src=\"http:\/\/blogdoedvaldomagalhaes.com.br\/wp-content\/uploads\/2018\/06\/4-6.jpg\" width=\"640\" \/><\/a><\/div>\n<div style=\"text-align: justify;\">\n<\/div>\n<div style=\"text-align: justify;\">\nNo palco montado na quadra da comunidade, se apresentou Paulinho Pauleira e Banda. \u201cEu amo tocar em Riacho. O povo daqui \u00e9 muito acolhedor e o calor das pessoas aqui \u00e9 muito grande\u201d, comentou o cantor. Para o prefeito M\u00e1rio Mota, a cada ano a Caminhada do Cuscuz se torna mais tradicional \u201cPra gente \u00e9 uma honra manter essa tradi\u00e7\u00e3o&#8221;.<\/div>\n","protected":false},"excerpt":{"rendered":"<p>Milhares de forrozeiros vestidos de verde e amarelo participaram nesse domingo (17) de um dos mais tradicionais eventos juninos de&hellip;<\/p>\n","protected":false},"author":1,"featured_media":0,"comment_status":"open","ping_status":"open","sticky":false,"template":"","format":"standard","meta":{"footnotes":""},"categories":[1],"tags":[2120,2,6],"class_list":["post-2040","post","type-post","status-publish","format-standard","hentry","category-sem-categoria","tag-16a-caminhada-do-forro-arrasta-multidao-a-vila-do-rangel","tag-blog-do-edvaldo-magalhaes","tag-noticias"],"_links":{"self":[{"href":"https:\/\/blogdoedvaldomagalhaes.com.br\/index.php\/wp-json\/wp\/v2\/posts\/2040","targetHints":{"allow":["GET"]}}],"collection":[{"href":"https:\/\/blogdoedvaldomagalhaes.com.br\/index.php\/wp-json\/wp\/v2\/posts"}],"about":[{"href":"https:\/\/blogdoedvaldomagalhaes.com.br\/index.php\/wp-json\/wp\/v2\/types\/post"}],"author":[{"embeddable":true,"href":"https:\/\/blogdoedvaldomagalhaes.com.br\/index.php\/wp-json\/wp\/v2\/users\/1"}],"replies":[{"embeddable":true,"href":"https:\/\/blogdoedvaldomagalhaes.com.br\/index.php\/wp-json\/wp\/v2\/comments?post=2040"}],"version-history":[{"count":1,"href":"https:\/\/blogdoedvaldomagalhaes.com.br\/index.php\/wp-json\/wp\/v2\/posts\/2040\/revisions"}],"predecessor-version":[{"id":31879,"href":"https:\/\/blogdoedvaldomagalhaes.com.br\/index.php\/wp-json\/wp\/v2\/posts\/2040\/revisions\/31879"}],"wp:attachment":[{"href":"https:\/\/blogdoedvaldomagalhaes.com.br\/index.php\/wp-json\/wp\/v2\/media?parent=2040"}],"wp:term":[{"taxonomy":"category","embeddable":true,"href":"https:\/\/blogdoedvaldomagalhaes.com.br\/index.php\/wp-json\/wp\/v2\/categories?post=2040"},{"taxonomy":"post_tag","embeddable":true,"href":"https:\/\/blogdoedvaldomagalhaes.com.br\/index.php\/wp-json\/wp\/v2\/tags?post=2040"}],"curies":[{"name":"wp","href":"https:\/\/api.w.org\/{rel}","templated":true}]}}