{"id":2039,"date":"2018-06-18T03:38:00","date_gmt":"2018-06-18T06:38:00","guid":{"rendered":"http:\/\/blogdoedvaldomagalhaes.com.br\/index.php\/2018\/06\/18\/do-rock-aos-ritmos-populares-criancada\/"},"modified":"2019-02-09T02:19:58","modified_gmt":"2019-02-09T04:19:58","slug":"do-rock-aos-ritmos-populares-criancada","status":"publish","type":"post","link":"https:\/\/blogdoedvaldomagalhaes.com.br\/index.php\/2018\/06\/18\/do-rock-aos-ritmos-populares-criancada\/","title":{"rendered":"Do Rock aos ritmos populares a crian\u00e7ada se divertiu no Polo Infantil"},"content":{"rendered":"<div class=\"separator\" style=\"clear: both; text-align: center;\">\n<a href=\"https:\/\/1.bp.blogspot.com\/-i8V0ba_NxoY\/Wyco908SvzI\/AAAAAAAAz4Q\/XUNQbx3TqMwo7g-4AGgCMumpY7ub2lZRACLcBGAs\/s1600\/01.jpg\" imageanchor=\"1\" style=\"margin-left: 1em; margin-right: 1em;\"><img loading=\"lazy\" decoding=\"async\" border=\"0\" data-original-height=\"675\" data-original-width=\"1024\" height=\"420\" src=\"http:\/\/blogdoedvaldomagalhaes.com.br\/wp-content\/uploads\/2018\/06\/01-4.jpg\" width=\"640\" \/><\/a><\/div>\n<div style=\"text-align: justify;\">\n<\/div>\n<div style=\"text-align: justify;\">\nBrincadeiras e muita m\u00fasica divertiram o p\u00fablico de forrozeiros mirins no Polo Infantil neste domingo (17). A folia come\u00e7ou \u00e0s 17h com a apresenta\u00e7\u00e3o da Banda de P\u00edfanos Mirim Mandacaru, de Caruaru, e continuou com o improviso da Cia Brincantes, do Recife. O grupo &#8216;A Bandinha&#8217;, tamb\u00e9m do Recife, fez os pequenos balan\u00e7ar ao som de cantigas de roda em ritmo de rock e folguedos populares.<\/div>\n<div style=\"text-align: justify;\">\n<\/div>\n<div class=\"separator\" style=\"clear: both; text-align: center;\">\n<a href=\"https:\/\/2.bp.blogspot.com\/-kux9UMnZjP4\/WycpDbKXT7I\/AAAAAAAAz4U\/66iZdtl-zqY2o6IVOPHJRwY_4pqCNyDrACLcBGAs\/s1600\/02.jpg\" imageanchor=\"1\" style=\"margin-left: 1em; margin-right: 1em;\"><img loading=\"lazy\" decoding=\"async\" border=\"0\" data-original-height=\"683\" data-original-width=\"1024\" height=\"426\" src=\"http:\/\/blogdoedvaldomagalhaes.com.br\/wp-content\/uploads\/2018\/06\/02-2.jpg\" width=\"640\" \/><\/a><\/div>\n<div style=\"text-align: justify;\">\n<\/div>\n<div style=\"text-align: justify;\">\nA pequena Beatriz da Silva, de cinco anos n\u00e3o ficou s\u00f3 na plateia. Ela se divertiu tamb\u00e9m fazendo parte da cena, interagindo com os palha\u00e7os e o p\u00fablico, ao ser chamada para fazer parte do espet\u00e1culo junto com eles. &#8220;A parte que eu mais gostei foi quando eu ganhei o pirulito da palhacinha e quando eu dei uma florzinha para o meu coleguinha&#8221;, declarou a menina.<\/div>\n<div style=\"text-align: justify;\">\n<\/div>\n<div class=\"separator\" style=\"clear: both; text-align: center;\">\n<a href=\"https:\/\/2.bp.blogspot.com\/-ZS3UPtqImf4\/WycpKHwVHGI\/AAAAAAAAz4Y\/L_kq35b9nCo0flSqBV_WVRXR1dAD06fJwCLcBGAs\/s1600\/03.jpg\" imageanchor=\"1\" style=\"margin-left: 1em; margin-right: 1em;\"><img loading=\"lazy\" decoding=\"async\" border=\"0\" data-original-height=\"1067\" data-original-width=\"1600\" height=\"426\" src=\"http:\/\/blogdoedvaldomagalhaes.com.br\/wp-content\/uploads\/2018\/06\/03-1.jpg\" width=\"640\" \/><\/a><\/div>\n<div style=\"text-align: justify;\">\n<\/div>\n<div style=\"text-align: justify;\">\nPara a aposentada Ediv\u00e2nia Maria da Silva, da cidade de Toror\u00f3, interior da Bahia, o polo \u00e9 a melhor op\u00e7\u00e3o para curtir o S\u00e3o Jo\u00e3o em fam\u00edlia. &#8220;Esta \u00e9 a segunda vez que venho para a casa do meu filho em Caruaru. Eu sempre venho para passar dois meses, e sempre me programo para passar o S\u00e3o Jo\u00e3o aqui, porque \u00e9 uma festa linda onde eu posso curtir com minhas netas que adoram vir brincar aqui nesse polo. Ano que vem, pretendo vir de novo&#8221;, afirmou.<\/div>\n<div style=\"text-align: justify;\">\n<\/div>\n","protected":false},"excerpt":{"rendered":"<p>Brincadeiras e muita m\u00fasica divertiram o p\u00fablico de forrozeiros mirins no Polo Infantil neste domingo (17). A folia come\u00e7ou \u00e0s&hellip;<\/p>\n","protected":false},"author":1,"featured_media":0,"comment_status":"open","ping_status":"open","sticky":false,"template":"","format":"standard","meta":{"footnotes":""},"categories":[1],"tags":[2,2119,6],"class_list":["post-2039","post","type-post","status-publish","format-standard","hentry","category-sem-categoria","tag-blog-do-edvaldo-magalhaes","tag-do-rock-aos-ritmos-populares-a-criancada-se-divertiu-no-polo-infantil","tag-noticias"],"_links":{"self":[{"href":"https:\/\/blogdoedvaldomagalhaes.com.br\/index.php\/wp-json\/wp\/v2\/posts\/2039","targetHints":{"allow":["GET"]}}],"collection":[{"href":"https:\/\/blogdoedvaldomagalhaes.com.br\/index.php\/wp-json\/wp\/v2\/posts"}],"about":[{"href":"https:\/\/blogdoedvaldomagalhaes.com.br\/index.php\/wp-json\/wp\/v2\/types\/post"}],"author":[{"embeddable":true,"href":"https:\/\/blogdoedvaldomagalhaes.com.br\/index.php\/wp-json\/wp\/v2\/users\/1"}],"replies":[{"embeddable":true,"href":"https:\/\/blogdoedvaldomagalhaes.com.br\/index.php\/wp-json\/wp\/v2\/comments?post=2039"}],"version-history":[{"count":1,"href":"https:\/\/blogdoedvaldomagalhaes.com.br\/index.php\/wp-json\/wp\/v2\/posts\/2039\/revisions"}],"predecessor-version":[{"id":31883,"href":"https:\/\/blogdoedvaldomagalhaes.com.br\/index.php\/wp-json\/wp\/v2\/posts\/2039\/revisions\/31883"}],"wp:attachment":[{"href":"https:\/\/blogdoedvaldomagalhaes.com.br\/index.php\/wp-json\/wp\/v2\/media?parent=2039"}],"wp:term":[{"taxonomy":"category","embeddable":true,"href":"https:\/\/blogdoedvaldomagalhaes.com.br\/index.php\/wp-json\/wp\/v2\/categories?post=2039"},{"taxonomy":"post_tag","embeddable":true,"href":"https:\/\/blogdoedvaldomagalhaes.com.br\/index.php\/wp-json\/wp\/v2\/tags?post=2039"}],"curies":[{"name":"wp","href":"https:\/\/api.w.org\/{rel}","templated":true}]}}