{"id":2038,"date":"2018-06-18T12:47:00","date_gmt":"2018-06-18T15:47:00","guid":{"rendered":"http:\/\/blogdoedvaldomagalhaes.com.br\/index.php\/2018\/06\/18\/acoes-nutricionais-gratuitas-para\/"},"modified":"2019-02-09T02:19:58","modified_gmt":"2019-02-09T04:19:58","slug":"acoes-nutricionais-gratuitas-para","status":"publish","type":"post","link":"https:\/\/blogdoedvaldomagalhaes.com.br\/index.php\/2018\/06\/18\/acoes-nutricionais-gratuitas-para\/","title":{"rendered":"A\u00e7\u00f5es nutricionais gratuitas para comunidades de Caruaru"},"content":{"rendered":"<div class=\"separator\" style=\"clear: both; text-align: center;\">\n<a href=\"https:\/\/2.bp.blogspot.com\/-ajdSpcs-_zw\/Wyep7cGUrFI\/AAAAAAAAz4s\/Izw0qOx0A7oyYjlgYbH93uRJyoFOXIobwCLcBGAs\/s1600\/saude.jpg\" imageanchor=\"1\" style=\"margin-left: 1em; margin-right: 1em;\"><img loading=\"lazy\" decoding=\"async\" border=\"0\" data-original-height=\"540\" data-original-width=\"915\" height=\"372\" src=\"http:\/\/blogdoedvaldomagalhaes.com.br\/wp-content\/uploads\/2018\/06\/saude.jpg\" width=\"640\" \/><\/a><\/div>\n<div style=\"text-align: justify;\">\n<\/div>\n<div style=\"text-align: justify;\">\nO curso de Nutri\u00e7\u00e3o da Faculdade UNINASSAU Caruaru realiza, durante o m\u00eas de junho, a\u00e7\u00f5es nutricionais gratuitas junto ao programa Estrat\u00e9gia Sa\u00fade da Fam\u00edlia (ESF), em diversas comunidades do munic\u00edpio. As atividades ocorrem entre os dias 18 e 28 de junho, das 8h \u00e0s 12h, nos seguintes bairros: ESF Jos\u00e9 Carlos de Oliveira (18), Terra Vermelha (19), Maria Auxiliadora (25), Monte Bom Jesus (26), Agamenon Magalh\u00e3es (27) e Vila Caj\u00e1 (28).<\/div>\n<div style=\"text-align: justify;\">\n<\/div>\n<div style=\"text-align: justify;\">\nNa ocasi\u00e3o, alunos, professores e coordenadores da gradua\u00e7\u00e3o prestam os atendimentos. Os servi\u00e7os est\u00e3o sendo realizados nos postos onde funcionam o ESF nesses bairros e comunidades e atrav\u00e9s de visitas domiciliares junto a essas equipes. Os acolhimentos incluem atendimentos nutricionais, com avalia\u00e7\u00e3o nutricional (peso, altura, IMC) e orienta\u00e7\u00f5es alimentares.&nbsp;<\/div>\n<div style=\"text-align: justify;\">\n<\/div>\n<div style=\"text-align: justify;\">\nO coordenador do curso de Nutri\u00e7\u00e3o da UNINASSAU Caruaru e nutricionista, Adriano Oliveira, ressalta a import\u00e2ncia das \u00e1reas contempladas. \u201cPensamos nesse projeto sobretudo pelo fato da car\u00eancia em informa\u00e7\u00f5es e orienta\u00e7\u00f5es nutricionais que as pessoas t\u00eam. E isso pode trazer consequ\u00eancias para o futuro. A nossa Institui\u00e7\u00e3o tem, tamb\u00e9m, o compromisso de realizar a\u00e7\u00f5es que contribuam para o bem-estar e desenvolvimento das comunidades que a cercam\u201d, alerta.&nbsp;<\/div>\n","protected":false},"excerpt":{"rendered":"<p>O curso de Nutri\u00e7\u00e3o da Faculdade UNINASSAU Caruaru realiza, durante o m\u00eas de junho, a\u00e7\u00f5es nutricionais gratuitas junto ao programa&hellip;<\/p>\n","protected":false},"author":1,"featured_media":0,"comment_status":"open","ping_status":"open","sticky":false,"template":"","format":"standard","meta":{"footnotes":""},"categories":[1],"tags":[2118,2,6],"class_list":["post-2038","post","type-post","status-publish","format-standard","hentry","category-sem-categoria","tag-acoes-nutricionais-gratuitas-para-comunidades-de-caruaru","tag-blog-do-edvaldo-magalhaes","tag-noticias"],"_links":{"self":[{"href":"https:\/\/blogdoedvaldomagalhaes.com.br\/index.php\/wp-json\/wp\/v2\/posts\/2038","targetHints":{"allow":["GET"]}}],"collection":[{"href":"https:\/\/blogdoedvaldomagalhaes.com.br\/index.php\/wp-json\/wp\/v2\/posts"}],"about":[{"href":"https:\/\/blogdoedvaldomagalhaes.com.br\/index.php\/wp-json\/wp\/v2\/types\/post"}],"author":[{"embeddable":true,"href":"https:\/\/blogdoedvaldomagalhaes.com.br\/index.php\/wp-json\/wp\/v2\/users\/1"}],"replies":[{"embeddable":true,"href":"https:\/\/blogdoedvaldomagalhaes.com.br\/index.php\/wp-json\/wp\/v2\/comments?post=2038"}],"version-history":[{"count":1,"href":"https:\/\/blogdoedvaldomagalhaes.com.br\/index.php\/wp-json\/wp\/v2\/posts\/2038\/revisions"}],"predecessor-version":[{"id":31885,"href":"https:\/\/blogdoedvaldomagalhaes.com.br\/index.php\/wp-json\/wp\/v2\/posts\/2038\/revisions\/31885"}],"wp:attachment":[{"href":"https:\/\/blogdoedvaldomagalhaes.com.br\/index.php\/wp-json\/wp\/v2\/media?parent=2038"}],"wp:term":[{"taxonomy":"category","embeddable":true,"href":"https:\/\/blogdoedvaldomagalhaes.com.br\/index.php\/wp-json\/wp\/v2\/categories?post=2038"},{"taxonomy":"post_tag","embeddable":true,"href":"https:\/\/blogdoedvaldomagalhaes.com.br\/index.php\/wp-json\/wp\/v2\/tags?post=2038"}],"curies":[{"name":"wp","href":"https:\/\/api.w.org\/{rel}","templated":true}]}}