{"id":2037,"date":"2018-06-18T12:58:00","date_gmt":"2018-06-18T15:58:00","guid":{"rendered":"http:\/\/blogdoedvaldomagalhaes.com.br\/index.php\/2018\/06\/18\/domingo-com-patio-lotado-nos-shows-de\/"},"modified":"2019-02-09T02:20:05","modified_gmt":"2019-02-09T04:20:05","slug":"domingo-com-patio-lotado-nos-shows-de","status":"publish","type":"post","link":"https:\/\/blogdoedvaldomagalhaes.com.br\/index.php\/2018\/06\/18\/domingo-com-patio-lotado-nos-shows-de\/","title":{"rendered":"Domingo com p\u00e1tio lotado nos shows de Safad\u00e3o, Novinho e Tayrone"},"content":{"rendered":"<div class=\"separator\" style=\"clear: both; text-align: center;\">\n<a href=\"https:\/\/2.bp.blogspot.com\/-ZsDh0Jkqvw0\/WyerVPcfTRI\/AAAAAAAAz44\/S-dzKY4d8xU_Bt7CucQDuBXhpTCrAk9AQCLcBGAs\/s1600\/1.jpg\" imageanchor=\"1\" style=\"margin-left: 1em; margin-right: 1em;\"><img loading=\"lazy\" decoding=\"async\" border=\"0\" data-original-height=\"426\" data-original-width=\"640\" height=\"424\" src=\"http:\/\/blogdoedvaldomagalhaes.com.br\/wp-content\/uploads\/2018\/06\/1-13.jpg\" width=\"640\" \/><\/a><\/div>\n<div style=\"text-align: justify;\">\n<\/div>\n<div style=\"text-align: justify;\">\nO domingo (17) levou um grande p\u00fablico ao Parque de Eventos Luiz Lua Gonzaga, em Caruaru, para curtir os shows de Wesley Safad\u00e3o, Novinho da Para\u00edba e Tayrone.<\/div>\n<div style=\"text-align: justify;\">\n<\/div>\n<div style=\"text-align: justify;\">\nA noite foi aberta pelo fen\u00f4meno Wesley Safad\u00e3o, que voltou ao palco do P\u00e1tio do Forr\u00f3 e fez uma multid\u00e3o cantar seus grandes sucessos como \u201cCamarote\u201d, \u201cRomance com safadeza\u201d,&nbsp; \u201cAr condicionado no 15\u201d, entre outros. Wesley chamou a aten\u00e7\u00e3o pela quantidade de crian\u00e7as que ele puxou da plateia para o palco, seja para tirar fotos ou cantar com ele alguma m\u00fasica.<\/div>\n<div style=\"text-align: justify;\">\n<\/div>\n<div class=\"separator\" style=\"clear: both; text-align: center;\">\n<a href=\"https:\/\/1.bp.blogspot.com\/-pZgw1U2g87Y\/WyerkVT9szI\/AAAAAAAAz5A\/RBIFtLggopcqahZEvTSmSaiVNcvxITiOwCLcBGAs\/s1600\/da%2Bvi.jpg\" imageanchor=\"1\" style=\"margin-left: 1em; margin-right: 1em;\"><img loading=\"lazy\" decoding=\"async\" border=\"0\" data-original-height=\"850\" data-original-width=\"1280\" height=\"424\" src=\"http:\/\/blogdoedvaldomagalhaes.com.br\/wp-content\/uploads\/2018\/06\/davi.jpg\" width=\"640\" \/><\/a><\/div>\n<div style=\"text-align: justify;\">\n<\/div>\n<div style=\"text-align: justify;\">\nMas um dos momentos mais emocionantes do show de Safad\u00e3o foi quando o pequeno f\u00e3 Davi Rafael, de cinco anos, subiu ao palco para realizar o sonho de conhecer o cantor e dividir o microfone com o \u00eddolo. Davi possui longas madeixas e a m\u00e3e, Vanessa, contou que cortaria quando a crian\u00e7a conhecesse o cantor. \u201cVamos agendar com o ICIA (Instituto do C\u00e2ncer Infantil do Agreste) para cortar o cabelo de Davi e doar para as crian\u00e7as com c\u00e2ncer\u201d, revelou.<\/div>\n<div style=\"text-align: justify;\">\n<\/div>\n<div class=\"separator\" style=\"clear: both; text-align: center;\">\n<a href=\"https:\/\/3.bp.blogspot.com\/-W5RZyrQyM2o\/WyerZlu3yaI\/AAAAAAAAz5I\/mO1aiQgRuc0qS-2ZGWbEnsk6k51kXTmAwCEwYBhgL\/s1600\/2.jpg\" imageanchor=\"1\" style=\"margin-left: 1em; margin-right: 1em;\"><img loading=\"lazy\" decoding=\"async\" border=\"0\" data-original-height=\"851\" data-original-width=\"1280\" height=\"424\" src=\"http:\/\/blogdoedvaldomagalhaes.com.br\/wp-content\/uploads\/2018\/06\/2-11.jpg\" width=\"640\" \/><\/a><\/div>\n<div style=\"text-align: justify;\">\n<\/div>\n<div style=\"text-align: justify;\">\nEm duas horas de show, Safad\u00e3o ainda teve a participa\u00e7\u00e3o do cantor Aldair Playboy, que cantou alguns de seus sucessos no palco do Maior e Melhor S\u00e3o Jo\u00e3o do mundo. Junto com Wesley, ele cantou a m\u00fasica do momento \u201cAmor falso\u201d.<\/div>\n<div style=\"text-align: justify;\">\n<\/div>\n<div class=\"separator\" style=\"clear: both; text-align: center;\">\n<a href=\"https:\/\/1.bp.blogspot.com\/-XaYAKCeUlu8\/WyervJu3eTI\/AAAAAAAAz5M\/_soYtYdcvIkpirAT4_TMKTfSh9HnpNAnwCLcBGAs\/s1600\/3.jpg\" imageanchor=\"1\" style=\"margin-left: 1em; margin-right: 1em;\"><img loading=\"lazy\" decoding=\"async\" border=\"0\" data-original-height=\"426\" data-original-width=\"640\" height=\"424\" src=\"http:\/\/blogdoedvaldomagalhaes.com.br\/wp-content\/uploads\/2018\/06\/3-9.jpg\" width=\"640\" \/><\/a><\/div>\n<div style=\"text-align: justify;\">\n<\/div>\n<div style=\"text-align: justify;\">\nO cantor Novinho da Para\u00edba foi a segunda atra\u00e7\u00e3o da noite e colocou todo mundo para dan\u00e7ar ao som de forr\u00f3 tradicional e uma mistura de sucessos atuais. Com 30 anos de carreira e 30 discos gravados, o cantor se orgulha de cantar o forr\u00f3 tradicional e levar a cultura nordestina para v\u00e1rias regi\u00f5es do pa\u00eds. Novinho \u00e9 dono de sucessos como &#8220;Eu gosto de voc\u00ea&#8221;, &#8220;Quando voc\u00ea quiser voltar&#8221;, &#8220;De cora\u00e7\u00e3o para cora\u00e7\u00e3o&#8221;, &#8220;Solid\u00e3o no peito&#8221;, &#8220;Estrela cadente&#8221; e &#8220;Amor pra mais de mil&#8221;.<\/div>\n<div style=\"text-align: justify;\">\n<\/div>\n<div class=\"separator\" style=\"clear: both; text-align: center;\">\n<a href=\"https:\/\/4.bp.blogspot.com\/-lkTF0wWhDFE\/Wyer0KXrurI\/AAAAAAAAz5Q\/aDpnJPrVgegvlU5cw4UqLxe4DSQuP1OeACLcBGAs\/s1600\/4.jpg\" imageanchor=\"1\" style=\"margin-left: 1em; margin-right: 1em;\"><img loading=\"lazy\" decoding=\"async\" border=\"0\" data-original-height=\"851\" data-original-width=\"1280\" height=\"424\" src=\"http:\/\/blogdoedvaldomagalhaes.com.br\/wp-content\/uploads\/2018\/06\/4-7.jpg\" width=\"640\" \/><\/a><\/div>\n<div style=\"text-align: justify;\">\n<\/div>\n<div style=\"text-align: justify;\">\nFechando a noite, o cantor Tayrone, que se apresentou pela primeira vez no S\u00e3o Jo\u00e3o de Caruaru, levou muita sofr\u00eancia e sertanejo para o p\u00fablico que acompanhou e cantou junto com ele, sucessos como \u201cVolte amor\u201d, \u201cDiarista\u201d, entre outras can\u00e7\u00f5es.&nbsp;\u201cEstou muito feliz e emocionado em cantar no maior e melhor S\u00e3o Jo\u00e3o do mundo pela primeira vez. Hoje \u00e9 um dia muito especial na minha carreira\u201d, revelou o cantor.<\/div>\n<div style=\"text-align: justify;\">\n<\/div>\n<div class=\"separator\" style=\"clear: both; text-align: center;\">\n<a href=\"https:\/\/2.bp.blogspot.com\/-WAFXknLB010\/Wyer6yqGW3I\/AAAAAAAAz5Y\/zN3WrtS3uMEeahcfFlVx5NwMXZKFMKGzgCLcBGAs\/s1600\/5.jpg\" imageanchor=\"1\" style=\"margin-left: 1em; margin-right: 1em;\"><img loading=\"lazy\" decoding=\"async\" border=\"0\" data-original-height=\"851\" data-original-width=\"1280\" height=\"424\" src=\"http:\/\/blogdoedvaldomagalhaes.com.br\/wp-content\/uploads\/2018\/06\/5-1.jpg\" width=\"640\" \/><\/a><\/div>\n<div style=\"text-align: justify;\">\n<\/div>\n<div style=\"text-align: justify;\">\nOs shows no Parque de Eventos Luiz Lua Gonzaga voltam a acontecer na pr\u00f3xima quinta-feira, dia 21 de junho, com shows de Maiara e Maraisa, Maciel Melo, Felip\u00e3o e o projeto \u201cO melhor forr\u00f3 do mundo \u00e9 aqui\u201d, que re\u00fane diversos artistas caruaruenses.<\/div>\n","protected":false},"excerpt":{"rendered":"<p>O domingo (17) levou um grande p\u00fablico ao Parque de Eventos Luiz Lua Gonzaga, em Caruaru, para curtir os shows&hellip;<\/p>\n","protected":false},"author":1,"featured_media":0,"comment_status":"open","ping_status":"open","sticky":false,"template":"","format":"standard","meta":{"footnotes":""},"categories":[1],"tags":[2,2116,6,2117],"class_list":["post-2037","post","type-post","status-publish","format-standard","hentry","category-sem-categoria","tag-blog-do-edvaldo-magalhaes","tag-domingo-com-patio-lotado-nos-shows-de-safadao","tag-noticias","tag-novinho-e-tayrone"],"_links":{"self":[{"href":"https:\/\/blogdoedvaldomagalhaes.com.br\/index.php\/wp-json\/wp\/v2\/posts\/2037","targetHints":{"allow":["GET"]}}],"collection":[{"href":"https:\/\/blogdoedvaldomagalhaes.com.br\/index.php\/wp-json\/wp\/v2\/posts"}],"about":[{"href":"https:\/\/blogdoedvaldomagalhaes.com.br\/index.php\/wp-json\/wp\/v2\/types\/post"}],"author":[{"embeddable":true,"href":"https:\/\/blogdoedvaldomagalhaes.com.br\/index.php\/wp-json\/wp\/v2\/users\/1"}],"replies":[{"embeddable":true,"href":"https:\/\/blogdoedvaldomagalhaes.com.br\/index.php\/wp-json\/wp\/v2\/comments?post=2037"}],"version-history":[{"count":1,"href":"https:\/\/blogdoedvaldomagalhaes.com.br\/index.php\/wp-json\/wp\/v2\/posts\/2037\/revisions"}],"predecessor-version":[{"id":31892,"href":"https:\/\/blogdoedvaldomagalhaes.com.br\/index.php\/wp-json\/wp\/v2\/posts\/2037\/revisions\/31892"}],"wp:attachment":[{"href":"https:\/\/blogdoedvaldomagalhaes.com.br\/index.php\/wp-json\/wp\/v2\/media?parent=2037"}],"wp:term":[{"taxonomy":"category","embeddable":true,"href":"https:\/\/blogdoedvaldomagalhaes.com.br\/index.php\/wp-json\/wp\/v2\/categories?post=2037"},{"taxonomy":"post_tag","embeddable":true,"href":"https:\/\/blogdoedvaldomagalhaes.com.br\/index.php\/wp-json\/wp\/v2\/tags?post=2037"}],"curies":[{"name":"wp","href":"https:\/\/api.w.org\/{rel}","templated":true}]}}