{"id":2036,"date":"2018-06-18T13:02:00","date_gmt":"2018-06-18T16:02:00","guid":{"rendered":"http:\/\/blogdoedvaldomagalhaes.com.br\/index.php\/2018\/06\/18\/ex-deputada-miriam-lacerda-sera\/"},"modified":"2019-02-09T02:20:05","modified_gmt":"2019-02-09T04:20:05","slug":"ex-deputada-miriam-lacerda-sera","status":"publish","type":"post","link":"https:\/\/blogdoedvaldomagalhaes.com.br\/index.php\/2018\/06\/18\/ex-deputada-miriam-lacerda-sera\/","title":{"rendered":"Ex-deputada Miriam Lacerda ser\u00e1 homenageada por promover a\u00e7\u00f5es do bem-estar social"},"content":{"rendered":"<div class=\"separator\" style=\"clear: both; text-align: center;\">\n<a href=\"https:\/\/4.bp.blogspot.com\/-e9f9He0rh3E\/WyetaK56FoI\/AAAAAAAAz5s\/Ce9yu633AGYUbam-HBJbWFDXYKBVnEmDACLcBGAs\/s1600\/mirian.jpg\" imageanchor=\"1\" style=\"margin-left: 1em; margin-right: 1em;\"><img loading=\"lazy\" decoding=\"async\" border=\"0\" data-original-height=\"296\" data-original-width=\"300\" height=\"629\" src=\"http:\/\/blogdoedvaldomagalhaes.com.br\/wp-content\/uploads\/2018\/06\/mirian.jpg\" width=\"640\" \/><\/a><\/div>\n<div style=\"background-color: white; box-sizing: border-box; line-height: 24px; margin-bottom: 10px; text-align: justify;\">\n<\/div>\n<div style=\"background-color: white; box-sizing: border-box; line-height: 24px; margin-bottom: 10px; text-align: justify;\">\nA ex-deputada estadual Miriam Lacerda est\u00e1 entre as homenageadas da \u201cCampanha Mulher que Alimenta o Mundo-2018\u201d, coordenado pelo Pernambuco Solid\u00e1rio. A homenagem ser\u00e1 em reconhecimento \u00e0s a\u00e7\u00f5es que a ex-parlamentar desenvolve de promo\u00e7\u00e3o ao bem-estar social e ajuda ao pr\u00f3ximo.<\/div>\n<div style=\"background-color: white; box-sizing: border-box; line-height: 24px; margin-bottom: 10px; text-align: justify;\">\nO ato solene ser\u00e1 realizado nesta ter\u00e7a-feira (19), no audit\u00f3rio da Assembleia Legislativa, a partir das 10h.<\/div>\n","protected":false},"excerpt":{"rendered":"<p>A ex-deputada estadual Miriam Lacerda est\u00e1 entre as homenageadas da \u201cCampanha Mulher que Alimenta o Mundo-2018\u201d, coordenado pelo Pernambuco Solid\u00e1rio.&hellip;<\/p>\n","protected":false},"author":1,"featured_media":0,"comment_status":"open","ping_status":"open","sticky":false,"template":"","format":"standard","meta":{"footnotes":""},"categories":[1],"tags":[2,2115,20],"class_list":["post-2036","post","type-post","status-publish","format-standard","hentry","category-sem-categoria","tag-blog-do-edvaldo-magalhaes","tag-ex-deputada-miriam-lacerda-sera-homenageada-por-promover-acoes-do-bem-estar-social","tag-politica"],"_links":{"self":[{"href":"https:\/\/blogdoedvaldomagalhaes.com.br\/index.php\/wp-json\/wp\/v2\/posts\/2036","targetHints":{"allow":["GET"]}}],"collection":[{"href":"https:\/\/blogdoedvaldomagalhaes.com.br\/index.php\/wp-json\/wp\/v2\/posts"}],"about":[{"href":"https:\/\/blogdoedvaldomagalhaes.com.br\/index.php\/wp-json\/wp\/v2\/types\/post"}],"author":[{"embeddable":true,"href":"https:\/\/blogdoedvaldomagalhaes.com.br\/index.php\/wp-json\/wp\/v2\/users\/1"}],"replies":[{"embeddable":true,"href":"https:\/\/blogdoedvaldomagalhaes.com.br\/index.php\/wp-json\/wp\/v2\/comments?post=2036"}],"version-history":[{"count":1,"href":"https:\/\/blogdoedvaldomagalhaes.com.br\/index.php\/wp-json\/wp\/v2\/posts\/2036\/revisions"}],"predecessor-version":[{"id":31894,"href":"https:\/\/blogdoedvaldomagalhaes.com.br\/index.php\/wp-json\/wp\/v2\/posts\/2036\/revisions\/31894"}],"wp:attachment":[{"href":"https:\/\/blogdoedvaldomagalhaes.com.br\/index.php\/wp-json\/wp\/v2\/media?parent=2036"}],"wp:term":[{"taxonomy":"category","embeddable":true,"href":"https:\/\/blogdoedvaldomagalhaes.com.br\/index.php\/wp-json\/wp\/v2\/categories?post=2036"},{"taxonomy":"post_tag","embeddable":true,"href":"https:\/\/blogdoedvaldomagalhaes.com.br\/index.php\/wp-json\/wp\/v2\/tags?post=2036"}],"curies":[{"name":"wp","href":"https:\/\/api.w.org\/{rel}","templated":true}]}}