{"id":2035,"date":"2018-06-18T13:11:00","date_gmt":"2018-06-18T16:11:00","guid":{"rendered":"http:\/\/blogdoedvaldomagalhaes.com.br\/index.php\/2018\/06\/18\/exonerados-tres-secretarios-executivos\/"},"modified":"2019-02-09T02:20:06","modified_gmt":"2019-02-09T04:20:06","slug":"exonerados-tres-secretarios-executivos","status":"publish","type":"post","link":"https:\/\/blogdoedvaldomagalhaes.com.br\/index.php\/2018\/06\/18\/exonerados-tres-secretarios-executivos\/","title":{"rendered":"Exonerados tr\u00eas Secret\u00e1rios Executivos na Prefeitura de Caruaru"},"content":{"rendered":"<div class=\"separator\" style=\"clear: both; text-align: center;\">\n<a href=\"https:\/\/2.bp.blogspot.com\/-YCvtio3R92Y\/WyeulIv-W_I\/AAAAAAAAz54\/Vy5kmmhrGKgweqdaVGGPj1qMan_73rrBACLcBGAs\/s1600\/pref.jpg\" imageanchor=\"1\" style=\"margin-left: 1em; margin-right: 1em;\"><img loading=\"lazy\" decoding=\"async\" border=\"0\" data-original-height=\"900\" data-original-width=\"1600\" height=\"360\" src=\"http:\/\/blogdoedvaldomagalhaes.com.br\/wp-content\/uploads\/2018\/06\/pref.jpg\" width=\"640\" \/><\/a><\/div>\n<div style=\"text-align: justify;\">\n<\/div>\n<div style=\"text-align: justify;\">\nO Blog do Edvaldo Magalh\u00e3es descobriu que na \u00faltima semana tr\u00eas Secret\u00e1rios Executivos foram exonerados da Prefeitura de Caruaru, sendo Maria \u00c2ngela Andrade e Marjony Barros Camelo, ambos da Secretaria de Educa\u00e7\u00e3o. O motivo das exonera\u00e7\u00f5es n\u00e3o foi divulgado.<\/p>\n<p><\/p>\n<div class=\"separator\" style=\"clear: both; text-align: center;\">\n<a href=\"https:\/\/4.bp.blogspot.com\/-Q1ql2yFo90k\/WyfQHUizmwI\/AAAAAAAAz6Y\/0S1mFmf4m7YpvMIdIWmHp6l6RmXGrGi1wCLcBGAs\/s1600\/maria.jpg\" imageanchor=\"1\" style=\"margin-left: 1em; margin-right: 1em;\"><img loading=\"lazy\" decoding=\"async\" border=\"0\" data-original-height=\"800\" data-original-width=\"534\" height=\"640\" src=\"http:\/\/blogdoedvaldomagalhaes.com.br\/wp-content\/uploads\/2018\/06\/maria.jpg\" width=\"426\" \/><\/a><\/div>\n<div class=\"separator\" style=\"clear: both; text-align: center;\">\nMaria \u00c2ngela Andrade, ex-Secret\u00e1ria Executiva de Educa\u00e7\u00e3o<\/div>\n<div class=\"separator\" style=\"clear: both; text-align: center;\">\n<a href=\"https:\/\/1.bp.blogspot.com\/-rfL3fQ6DRGA\/WyfPMDw42VI\/AAAAAAAAz6M\/50QOH6hUFpoqKcH-ZlY6ttfcdNyh6uR3ACLcBGAs\/s1600\/marjony.jpg\" imageanchor=\"1\" style=\"margin-left: 1em; margin-right: 1em;\"><img loading=\"lazy\" decoding=\"async\" border=\"0\" data-original-height=\"643\" data-original-width=\"900\" height=\"452\" src=\"http:\/\/blogdoedvaldomagalhaes.com.br\/wp-content\/uploads\/2018\/06\/marjony.jpg\" width=\"640\" \/><\/a><\/div>\n<div class=\"separator\" style=\"clear: both; text-align: center;\">\nMarjony Barros Camelo, ex-Secret\u00e1rio Executivo de Qualidade de Ensino<\/div>\n<p>\nUma substituta j\u00e1 est\u00e1 definida, trata-se de Ladjane Torres, que j\u00e1 trabalhava na Secretaria de Educa\u00e7\u00e3o desde 2017 como Gerente de Ensino, \u00e9 natural de Bezerros (onde reside) e assumiu a Secretaria Executiva de Qualidade de Ensino, no lugar Marjone Camelo. Ladjane formou-se na UFPE, foi educadora na Escola de Refer\u00eancia em Ensino M\u00e9dio de Bezerros entre 2002 e 2012, e foi&nbsp;coordenadora Geral de Educa\u00e7\u00e3o Integral da GRE Mata Centro de junho 2016 at\u00e9 mar\u00e7o de 2017. At\u00e9 agora, ningu\u00e9m assumiu a vaga deixada por Ladjane na Ger\u00eancia de Ensino da secretaria. Segundo informa\u00e7\u00f5es de uma fonte, o&nbsp;substituto de Maria \u00c2ngela Andrade, ser\u00e1 de um homem, que o Blog ainda n\u00e3o descobriu o nome.&nbsp;<\/p>\n<p><\/p>\n<div class=\"separator\" style=\"clear: both; text-align: center;\">\n<a href=\"https:\/\/4.bp.blogspot.com\/-zuqMVocGm1U\/WyfTne-eoxI\/AAAAAAAAz6w\/vDDK9eJeX1EJY6MV5QA4Y6FejhIAwG9oQCLcBGAs\/s1600\/sim.jpg\" imageanchor=\"1\" style=\"margin-left: 1em; margin-right: 1em;\"><img loading=\"lazy\" decoding=\"async\" border=\"0\" data-original-height=\"539\" data-original-width=\"540\" height=\"632\" src=\"http:\/\/blogdoedvaldomagalhaes.com.br\/wp-content\/uploads\/2018\/06\/sim.jpg\" width=\"640\" \/><\/a><\/div>\n<div class=\"separator\" style=\"clear: both; text-align: center;\">\nLadjane Torres, nova Secret\u00e1ria Executiva de Qualidade de Ensino<\/div>\n<p>\nJ\u00e1 Ytalo Farias pediu exonera\u00e7\u00e3o da Secretaria Executiva de Servi\u00e7os P\u00fablicos.<\/p>\n<p><\/p>\n<div class=\"separator\" style=\"clear: both; text-align: center;\">\n<a href=\"https:\/\/2.bp.blogspot.com\/-RKnJhAYq6Fc\/WyfRX9Y40TI\/AAAAAAAAz6k\/pouNPR70btg5nGH583-TuJV1JHPBPmJcACLcBGAs\/s1600\/utalo.jpg\" imageanchor=\"1\" style=\"margin-left: 1em; margin-right: 1em;\"><img loading=\"lazy\" decoding=\"async\" border=\"0\" data-original-height=\"262\" data-original-width=\"500\" height=\"330\" src=\"http:\/\/blogdoedvaldomagalhaes.com.br\/wp-content\/uploads\/2018\/06\/utalo.jpg\" width=\"640\" \/><\/a><\/div>\n<p><\/p>\n<div style=\"text-align: center;\">\nYtalo Farias, ex-Secret\u00e1rio Executivo de Servi\u00e7os P\u00fablicos<\/div>\n<div style=\"text-align: center;\">\n<\/div>\n<p>Ytalo Farias passou em um concurso para o cargo de Engenheiro Civil da Caixa Econ\u00f4mica Federal e vai atuar na cidade de Feira da Santana, na Bahia.&nbsp;<\/p>\n<p>Continuem acessando o Blog do Edvaldo Magalh\u00e3es, que a qualquer momento postaremos os nomes dos novos Secret\u00e1rios Executivos.<\/p>\n<p>Siga e curta a p\u00e1gina do Blog do Edvaldo Magalh\u00e3es no Facebook, siga no Instagram e no Twitter.<\/p><\/div>\n","protected":false},"excerpt":{"rendered":"<p>O Blog do Edvaldo Magalh\u00e3es descobriu que na \u00faltima semana tr\u00eas Secret\u00e1rios Executivos foram exonerados da Prefeitura de Caruaru, sendo&hellip;<\/p>\n","protected":false},"author":1,"featured_media":0,"comment_status":"open","ping_status":"open","sticky":false,"template":"","format":"standard","meta":{"footnotes":""},"categories":[1],"tags":[2,2114,20],"class_list":["post-2035","post","type-post","status-publish","format-standard","hentry","category-sem-categoria","tag-blog-do-edvaldo-magalhaes","tag-exonerados-tres-secretarios-executivos-na-prefeitura-de-caruaru","tag-politica"],"_links":{"self":[{"href":"https:\/\/blogdoedvaldomagalhaes.com.br\/index.php\/wp-json\/wp\/v2\/posts\/2035","targetHints":{"allow":["GET"]}}],"collection":[{"href":"https:\/\/blogdoedvaldomagalhaes.com.br\/index.php\/wp-json\/wp\/v2\/posts"}],"about":[{"href":"https:\/\/blogdoedvaldomagalhaes.com.br\/index.php\/wp-json\/wp\/v2\/types\/post"}],"author":[{"embeddable":true,"href":"https:\/\/blogdoedvaldomagalhaes.com.br\/index.php\/wp-json\/wp\/v2\/users\/1"}],"replies":[{"embeddable":true,"href":"https:\/\/blogdoedvaldomagalhaes.com.br\/index.php\/wp-json\/wp\/v2\/comments?post=2035"}],"version-history":[{"count":1,"href":"https:\/\/blogdoedvaldomagalhaes.com.br\/index.php\/wp-json\/wp\/v2\/posts\/2035\/revisions"}],"predecessor-version":[{"id":31900,"href":"https:\/\/blogdoedvaldomagalhaes.com.br\/index.php\/wp-json\/wp\/v2\/posts\/2035\/revisions\/31900"}],"wp:attachment":[{"href":"https:\/\/blogdoedvaldomagalhaes.com.br\/index.php\/wp-json\/wp\/v2\/media?parent=2035"}],"wp:term":[{"taxonomy":"category","embeddable":true,"href":"https:\/\/blogdoedvaldomagalhaes.com.br\/index.php\/wp-json\/wp\/v2\/categories?post=2035"},{"taxonomy":"post_tag","embeddable":true,"href":"https:\/\/blogdoedvaldomagalhaes.com.br\/index.php\/wp-json\/wp\/v2\/tags?post=2035"}],"curies":[{"name":"wp","href":"https:\/\/api.w.org\/{rel}","templated":true}]}}