{"id":2033,"date":"2018-06-18T16:04:00","date_gmt":"2018-06-18T19:04:00","guid":{"rendered":"http:\/\/blogdoedvaldomagalhaes.com.br\/index.php\/2018\/06\/18\/homem-tem-coluna-travada-em-motel-de\/"},"modified":"2019-02-09T02:20:07","modified_gmt":"2019-02-09T04:20:07","slug":"homem-tem-coluna-travada-em-motel-de","status":"publish","type":"post","link":"https:\/\/blogdoedvaldomagalhaes.com.br\/index.php\/2018\/06\/18\/homem-tem-coluna-travada-em-motel-de\/","title":{"rendered":"Homem tem coluna travada em motel de Santa Cruz do Capibaribe"},"content":{"rendered":"<div class=\"separator\" style=\"clear: both; text-align: center;\">\n<a href=\"https:\/\/3.bp.blogspot.com\/-fGIhM1GE1LQ\/WyfX9jrZLCI\/AAAAAAAAz7E\/liVSVvCECTECzlH59yaPCi1y-vQMtD7PACLcBGAs\/s1600\/blog.jpg\" imageanchor=\"1\" style=\"margin-left: 1em; margin-right: 1em;\"><img loading=\"lazy\" decoding=\"async\" border=\"0\" data-original-height=\"192\" data-original-width=\"300\" height=\"409\" src=\"http:\/\/blogdoedvaldomagalhaes.com.br\/wp-content\/uploads\/2018\/06\/blog.jpg\" width=\"640\" \/><\/a><\/div>\n<div style=\"background-color: white; box-sizing: border-box; line-height: 24px; margin-bottom: 10px; text-align: justify;\">\n<\/div>\n<div style=\"background-color: white; box-sizing: border-box; line-height: 24px; margin-bottom: 10px; text-align: justify;\">\nUm homem teve a coluna travada em um motel de Santa Cruz do Capibaribe, Agreste pernambucano, na manh\u00e3 desta segunda-feira (18). Ele foi socorrido por uma equipe do Samu para a UPA da cidade.<\/div>\n<div style=\"background-color: white; box-sizing: border-box; line-height: 24px; margin-bottom: 10px; text-align: justify;\">\nDe acordo com informa\u00e7\u00f5es do Blog do Ney Lima, um casal estaria viajando para o munic\u00edpio e decidiu pernoitar em um motel \u00e0s margens da PE-160. Ao acordar, o homem n\u00e3o conseguiu mais se mover por causa do problema de sa\u00fade na coluna.<\/div>\n","protected":false},"excerpt":{"rendered":"<p>Um homem teve a coluna travada em um motel de Santa Cruz do Capibaribe, Agreste pernambucano, na manh\u00e3 desta segunda-feira&hellip;<\/p>\n","protected":false},"author":1,"featured_media":0,"comment_status":"open","ping_status":"open","sticky":false,"template":"","format":"standard","meta":{"footnotes":""},"categories":[1],"tags":[2,2112,6],"class_list":["post-2033","post","type-post","status-publish","format-standard","hentry","category-sem-categoria","tag-blog-do-edvaldo-magalhaes","tag-homem-tem-coluna-travada-em-motel-de-santa-cruz-do-capibaribe","tag-noticias"],"_links":{"self":[{"href":"https:\/\/blogdoedvaldomagalhaes.com.br\/index.php\/wp-json\/wp\/v2\/posts\/2033","targetHints":{"allow":["GET"]}}],"collection":[{"href":"https:\/\/blogdoedvaldomagalhaes.com.br\/index.php\/wp-json\/wp\/v2\/posts"}],"about":[{"href":"https:\/\/blogdoedvaldomagalhaes.com.br\/index.php\/wp-json\/wp\/v2\/types\/post"}],"author":[{"embeddable":true,"href":"https:\/\/blogdoedvaldomagalhaes.com.br\/index.php\/wp-json\/wp\/v2\/users\/1"}],"replies":[{"embeddable":true,"href":"https:\/\/blogdoedvaldomagalhaes.com.br\/index.php\/wp-json\/wp\/v2\/comments?post=2033"}],"version-history":[{"count":1,"href":"https:\/\/blogdoedvaldomagalhaes.com.br\/index.php\/wp-json\/wp\/v2\/posts\/2033\/revisions"}],"predecessor-version":[{"id":31904,"href":"https:\/\/blogdoedvaldomagalhaes.com.br\/index.php\/wp-json\/wp\/v2\/posts\/2033\/revisions\/31904"}],"wp:attachment":[{"href":"https:\/\/blogdoedvaldomagalhaes.com.br\/index.php\/wp-json\/wp\/v2\/media?parent=2033"}],"wp:term":[{"taxonomy":"category","embeddable":true,"href":"https:\/\/blogdoedvaldomagalhaes.com.br\/index.php\/wp-json\/wp\/v2\/categories?post=2033"},{"taxonomy":"post_tag","embeddable":true,"href":"https:\/\/blogdoedvaldomagalhaes.com.br\/index.php\/wp-json\/wp\/v2\/tags?post=2033"}],"curies":[{"name":"wp","href":"https:\/\/api.w.org\/{rel}","templated":true}]}}