{"id":2032,"date":"2018-06-18T16:09:00","date_gmt":"2018-06-18T19:09:00","guid":{"rendered":"http:\/\/blogdoedvaldomagalhaes.com.br\/index.php\/2018\/06\/18\/tony-gel-e-tonynho-rodrigues-no-arraia\/"},"modified":"2019-02-09T02:20:07","modified_gmt":"2019-02-09T04:20:07","slug":"tony-gel-e-tonynho-rodrigues-no-arraia","status":"publish","type":"post","link":"https:\/\/blogdoedvaldomagalhaes.com.br\/index.php\/2018\/06\/18\/tony-gel-e-tonynho-rodrigues-no-arraia\/","title":{"rendered":"Tony Gel e Tonynho Rodrigues no Arraial da Ordem"},"content":{"rendered":"<div class=\"separator\" style=\"clear: both; text-align: center;\">\n<a href=\"https:\/\/4.bp.blogspot.com\/-YxFX_S7ImFY\/WyfY47YUqHI\/AAAAAAAAz7Q\/jwPKTs_pZKY604D1wqoUrUmCAWA-swtJwCLcBGAs\/s1600\/tony.jpg\" imageanchor=\"1\" style=\"margin-left: 1em; margin-right: 1em;\"><img loading=\"lazy\" decoding=\"async\" border=\"0\" data-original-height=\"928\" data-original-width=\"1024\" height=\"574\" src=\"http:\/\/blogdoedvaldomagalhaes.com.br\/wp-content\/uploads\/2018\/06\/tony.jpg\" width=\"640\" \/><\/a><\/div>\n<div style=\"background-color: white; border: 0px; margin-bottom: 1.5em; outline: 0px; padding: 0px; text-align: justify; vertical-align: baseline;\">\n<\/div>\n<div style=\"background-color: white; border: 0px; margin-bottom: 1.5em; outline: 0px; padding: 0px; text-align: justify; vertical-align: baseline;\">\nAcompanhado da ex-deputada Miriam Lacerda, do Pr\u00e9-candidato \u00e0 deputado federal Tonynho Rodrigues, de Fred Gomes e Magno Cumaru ambos da TFM, deputado estadual Tony Gel prestigiou nesse s\u00e1bado (16) o Forr\u00f3 da Ordem, promovido pela AOB Caruaru na Mans\u00e3o Forr\u00f3. O prefeito de Bonito, Gustavo Adolfo, tamb\u00e9m estava no evento.&nbsp;A casa recebeu um grande p\u00fablico que lotou o espa\u00e7o para shows com destaque para Jorge de Altinho.<\/p>\n<div class=\"separator\" style=\"clear: both; text-align: center;\">\n<a href=\"https:\/\/2.bp.blogspot.com\/-BjhF9N3YPTU\/Wyf4pEGYFsI\/AAAAAAAAz94\/NMjrz6KP-Es8klLpandDOUNbQPhZb9cngCLcBGAs\/s1600\/tonynho.jpg\" imageanchor=\"1\" style=\"margin-left: 1em; margin-right: 1em;\"><img loading=\"lazy\" decoding=\"async\" border=\"0\" data-original-height=\"540\" data-original-width=\"960\" height=\"360\" src=\"http:\/\/blogdoedvaldomagalhaes.com.br\/wp-content\/uploads\/2018\/06\/tonynho.jpg\" width=\"640\" \/><\/a><\/div>\n<p>\nO pr\u00e9-candidato \u00e0 deputado federal, Tonynho Rodrigues ainda esteve no \u00faltimo s\u00e1bado (16), na Soparia do Gordo, comemorando os 99 anos do Central de Caruaru.<\/p>\n<\/div>\n","protected":false},"excerpt":{"rendered":"<p>Acompanhado da ex-deputada Miriam Lacerda, do Pr\u00e9-candidato \u00e0 deputado federal Tonynho Rodrigues, de Fred Gomes e Magno Cumaru ambos da&hellip;<\/p>\n","protected":false},"author":1,"featured_media":0,"comment_status":"open","ping_status":"open","sticky":false,"template":"","format":"standard","meta":{"footnotes":""},"categories":[1],"tags":[2,2108,2109,2110,1950,20,2111],"class_list":["post-2032","post","type-post","status-publish","format-standard","hentry","category-sem-categoria","tag-blog-do-edvaldo-magalhaes","tag-fred-gomes","tag-magno-cumaru","tag-miram-lacerda","tag-noticias-de-caruaru","tag-politica","tag-tony-gel-e-tonynho-rodrigues-no-arraial-da-ordem"],"_links":{"self":[{"href":"https:\/\/blogdoedvaldomagalhaes.com.br\/index.php\/wp-json\/wp\/v2\/posts\/2032","targetHints":{"allow":["GET"]}}],"collection":[{"href":"https:\/\/blogdoedvaldomagalhaes.com.br\/index.php\/wp-json\/wp\/v2\/posts"}],"about":[{"href":"https:\/\/blogdoedvaldomagalhaes.com.br\/index.php\/wp-json\/wp\/v2\/types\/post"}],"author":[{"embeddable":true,"href":"https:\/\/blogdoedvaldomagalhaes.com.br\/index.php\/wp-json\/wp\/v2\/users\/1"}],"replies":[{"embeddable":true,"href":"https:\/\/blogdoedvaldomagalhaes.com.br\/index.php\/wp-json\/wp\/v2\/comments?post=2032"}],"version-history":[{"count":1,"href":"https:\/\/blogdoedvaldomagalhaes.com.br\/index.php\/wp-json\/wp\/v2\/posts\/2032\/revisions"}],"predecessor-version":[{"id":31907,"href":"https:\/\/blogdoedvaldomagalhaes.com.br\/index.php\/wp-json\/wp\/v2\/posts\/2032\/revisions\/31907"}],"wp:attachment":[{"href":"https:\/\/blogdoedvaldomagalhaes.com.br\/index.php\/wp-json\/wp\/v2\/media?parent=2032"}],"wp:term":[{"taxonomy":"category","embeddable":true,"href":"https:\/\/blogdoedvaldomagalhaes.com.br\/index.php\/wp-json\/wp\/v2\/categories?post=2032"},{"taxonomy":"post_tag","embeddable":true,"href":"https:\/\/blogdoedvaldomagalhaes.com.br\/index.php\/wp-json\/wp\/v2\/tags?post=2032"}],"curies":[{"name":"wp","href":"https:\/\/api.w.org\/{rel}","templated":true}]}}