{"id":2031,"date":"2018-06-18T16:14:00","date_gmt":"2018-06-18T19:14:00","guid":{"rendered":"http:\/\/blogdoedvaldomagalhaes.com.br\/index.php\/2018\/06\/18\/coleta-seletiva-e-implantada-em-caruaru\/"},"modified":"2019-02-09T02:20:07","modified_gmt":"2019-02-09T04:20:07","slug":"coleta-seletiva-e-implantada-em-caruaru","status":"publish","type":"post","link":"https:\/\/blogdoedvaldomagalhaes.com.br\/index.php\/2018\/06\/18\/coleta-seletiva-e-implantada-em-caruaru\/","title":{"rendered":"Coleta Seletiva \u00e9 implantada em Caruaru"},"content":{"rendered":"<div class=\"separator\" style=\"clear: both; text-align: center;\">\n<a href=\"https:\/\/4.bp.blogspot.com\/-d6hgnWuToCo\/WyfaLW2FpvI\/AAAAAAAAz7c\/zXDpSLvL3zQSwlBYzkGeSnoJFTYUvRm1gCLcBGAs\/s1600\/coleta.jpeg\" imageanchor=\"1\" style=\"margin-left: 1em; margin-right: 1em;\"><img loading=\"lazy\" decoding=\"async\" border=\"0\" data-original-height=\"1024\" data-original-width=\"735\" height=\"640\" src=\"http:\/\/blogdoedvaldomagalhaes.com.br\/wp-content\/uploads\/2018\/06\/coleta.jpeg\" width=\"459\" \/><\/a><\/div>\n<div style=\"background-color: white; border: 0px; margin-bottom: 1.5em; outline: 0px; padding: 0px; text-align: justify; vertical-align: baseline;\">\n<\/div>\n<div style=\"background-color: white; border: 0px; margin-bottom: 1.5em; outline: 0px; padding: 0px; text-align: justify; vertical-align: baseline;\">\nA Prefeitura de Caruaru, atrav\u00e9s da Secretaria de Servi\u00e7os P\u00fablicos, est\u00e1 implantado a Coleta Seletiva na cidade. As atividades j\u00e1 come\u00e7aram nesta segunda-feira (18), com o trabalho de conscientiza\u00e7\u00e3o nos pr\u00e9dios e residenciais, atrav\u00e9s de materiais educativos e explicativos aos moradores. Al\u00e9m da Coleta Seletiva, tamb\u00e9m foi implantado o servi\u00e7o de Cata-treco, para materiais de maiores propor\u00e7\u00f5es.<\/div>\n<div style=\"background-color: white; border: 0px; margin-bottom: 1.5em; outline: 0px; padding: 0px; vertical-align: baseline;\">\n<\/div>\n<div style=\"background-color: white; border: 0px; margin-bottom: 1.5em; outline: 0px; padding: 0px; text-align: justify; vertical-align: baseline;\">\nA Coleta Seletiva ocorrer\u00e1 sempre \u00e0s segundas e quartas-feiras nos pr\u00e9dios cadastrados na Secretaria de Servi\u00e7os P\u00fablicos. De acordo com o gerente de Limpeza Muncipal, Matheus Freitas, j\u00e1 foram cadastrados cerca de 60 residenciais nos bairros Maur\u00edcio de Nassau e Universit\u00e1rio. \u201cEstes bairros foram escolhidos, de in\u00edcio, por conterem maior n\u00famero de habita\u00e7\u00f5es em condom\u00ednios\u201d, explicou Matheus. \u201cEstamos registrando de outros bairros tamb\u00e9m, para organizar a coleta, que, em breve, atingir\u00e1 toda a cidade.\u201d<\/div>\n<div style=\"background-color: white; border: 0px; margin-bottom: 1.5em; outline: 0px; padding: 0px; vertical-align: baseline;\">\n<\/div>\n<div style=\"background-color: white; border: 0px; margin-bottom: 1.5em; outline: 0px; padding: 0px; text-align: justify; vertical-align: baseline;\">\n<strong style=\"border: 0px; font-style: inherit; margin: 0px; outline: 0px; padding: 0px; vertical-align: baseline;\">Cata-treco<\/strong><\/div>\n<div style=\"background-color: white; border: 0px; margin-bottom: 1.5em; outline: 0px; padding: 0px; text-align: justify; vertical-align: baseline;\">\nA Opera\u00e7\u00e3o Cata-treco inicia tamb\u00e9m nesta semana e ser\u00e1 realizada sempre \u00e0s ter\u00e7as e quintas-feiras. Consiste em coletar materiais de volumes maiores, como fog\u00f5es, arm\u00e1rios, camas, entre outros, que n\u00e3o tenham mais utilidade, para tamb\u00e9m serem reciclados. \u201cA Opera\u00e7\u00e3o Cata-treco vai ajudar bastante na limpeza da cidade e evitar que as pessoas joguem seus m\u00f3veis que n\u00e3o tenham mais utilidade, no rio Ipojuca, canais e terrenos baldios\u201d, analisou o gerente de Limpeza Municipal.<\/div>\n<div style=\"background-color: white; border: 0px; margin-bottom: 1.5em; outline: 0px; padding: 0px; vertical-align: baseline;\">\n<\/div>\n<div style=\"background-color: white; border: 0px; outline: 0px; padding: 0px; text-align: justify; vertical-align: baseline;\">\nPara serem atendidos pelas Opera\u00e7\u00f5es Coleta Seletiva e Cata-treco, os interessados podem entrar em contato com a Secretaria de Servi\u00e7os P\u00fablicos atrav\u00e9s do n\u00famero 3701-1455 e solicitar informa\u00e7\u00f5es.<\/div>\n","protected":false},"excerpt":{"rendered":"<p>A Prefeitura de Caruaru, atrav\u00e9s da Secretaria de Servi\u00e7os P\u00fablicos, est\u00e1 implantado a Coleta Seletiva na cidade. As atividades j\u00e1&hellip;<\/p>\n","protected":false},"author":1,"featured_media":0,"comment_status":"open","ping_status":"open","sticky":false,"template":"","format":"standard","meta":{"footnotes":""},"categories":[1],"tags":[2,2106,6,2107],"class_list":["post-2031","post","type-post","status-publish","format-standard","hentry","category-sem-categoria","tag-blog-do-edvaldo-magalhaes","tag-coleta-seletiva-e-implantada-em-caruaru","tag-noticias","tag-ultimas-noticias-de-caruaru"],"_links":{"self":[{"href":"https:\/\/blogdoedvaldomagalhaes.com.br\/index.php\/wp-json\/wp\/v2\/posts\/2031","targetHints":{"allow":["GET"]}}],"collection":[{"href":"https:\/\/blogdoedvaldomagalhaes.com.br\/index.php\/wp-json\/wp\/v2\/posts"}],"about":[{"href":"https:\/\/blogdoedvaldomagalhaes.com.br\/index.php\/wp-json\/wp\/v2\/types\/post"}],"author":[{"embeddable":true,"href":"https:\/\/blogdoedvaldomagalhaes.com.br\/index.php\/wp-json\/wp\/v2\/users\/1"}],"replies":[{"embeddable":true,"href":"https:\/\/blogdoedvaldomagalhaes.com.br\/index.php\/wp-json\/wp\/v2\/comments?post=2031"}],"version-history":[{"count":1,"href":"https:\/\/blogdoedvaldomagalhaes.com.br\/index.php\/wp-json\/wp\/v2\/posts\/2031\/revisions"}],"predecessor-version":[{"id":31909,"href":"https:\/\/blogdoedvaldomagalhaes.com.br\/index.php\/wp-json\/wp\/v2\/posts\/2031\/revisions\/31909"}],"wp:attachment":[{"href":"https:\/\/blogdoedvaldomagalhaes.com.br\/index.php\/wp-json\/wp\/v2\/media?parent=2031"}],"wp:term":[{"taxonomy":"category","embeddable":true,"href":"https:\/\/blogdoedvaldomagalhaes.com.br\/index.php\/wp-json\/wp\/v2\/categories?post=2031"},{"taxonomy":"post_tag","embeddable":true,"href":"https:\/\/blogdoedvaldomagalhaes.com.br\/index.php\/wp-json\/wp\/v2\/tags?post=2031"}],"curies":[{"name":"wp","href":"https:\/\/api.w.org\/{rel}","templated":true}]}}