{"id":2030,"date":"2018-06-18T16:17:00","date_gmt":"2018-06-18T19:17:00","guid":{"rendered":"http:\/\/blogdoedvaldomagalhaes.com.br\/index.php\/2018\/06\/18\/horarios-dias-e-horarios-das-feiras-de\/"},"modified":"2019-02-09T02:20:08","modified_gmt":"2019-02-09T04:20:08","slug":"horarios-dias-e-horarios-das-feiras-de","status":"publish","type":"post","link":"https:\/\/blogdoedvaldomagalhaes.com.br\/index.php\/2018\/06\/18\/horarios-dias-e-horarios-das-feiras-de\/","title":{"rendered":"Dias e hor\u00e1rios das feiras de Caruaru s\u00e3o mantidos"},"content":{"rendered":"<div class=\"separator\" style=\"clear: both; text-align: center;\">\n<a href=\"https:\/\/1.bp.blogspot.com\/-ML8phSBcQtM\/WyfbJcU__4I\/AAAAAAAAz7o\/JLd_CUfBdE8J_-i2uKo2YgXjjIBICaZHQCLcBGAs\/s1600\/comunicado.jpg\" imageanchor=\"1\" style=\"margin-left: 1em; margin-right: 1em;\"><img loading=\"lazy\" decoding=\"async\" border=\"0\" data-original-height=\"720\" data-original-width=\"1280\" height=\"360\" src=\"http:\/\/blogdoedvaldomagalhaes.com.br\/wp-content\/uploads\/2018\/06\/comunicado.jpg\" width=\"640\" \/><\/a><\/div>\n<div style=\"text-align: justify;\">\n<\/div>\n<div style=\"text-align: justify;\">\nA Prefeitura de Caruaru, atrav\u00e9s da Secretaria de Servi\u00e7os P\u00fablicos, informa que n\u00e3o haver\u00e1 altera\u00e7\u00f5es nos hor\u00e1rios das feiras de bairros, no dia 22, quando o Brasil jogar\u00e1 pela Copa do Mundo, \u00e0s 9h, e no domingo (24), feriado de S\u00e3o Jo\u00e3o. A Feira da Sulanca tamb\u00e9m est\u00e1 mantida para a pr\u00f3xima segunda-feira (25). Todas as feiras ocorrer\u00e3o normalmente em seus dias e hor\u00e1rios habituais.<\/div>\n","protected":false},"excerpt":{"rendered":"<p>A Prefeitura de Caruaru, atrav\u00e9s da Secretaria de Servi\u00e7os P\u00fablicos, informa que n\u00e3o haver\u00e1 altera\u00e7\u00f5es nos hor\u00e1rios das feiras de&hellip;<\/p>\n","protected":false},"author":1,"featured_media":0,"comment_status":"open","ping_status":"open","sticky":false,"template":"","format":"standard","meta":{"footnotes":""},"categories":[1],"tags":[2,2105,6,1950],"class_list":["post-2030","post","type-post","status-publish","format-standard","hentry","category-sem-categoria","tag-blog-do-edvaldo-magalhaes","tag-dias-e-horarios-das-feiras-de-caruaru-sao-mantidos","tag-noticias","tag-noticias-de-caruaru"],"_links":{"self":[{"href":"https:\/\/blogdoedvaldomagalhaes.com.br\/index.php\/wp-json\/wp\/v2\/posts\/2030","targetHints":{"allow":["GET"]}}],"collection":[{"href":"https:\/\/blogdoedvaldomagalhaes.com.br\/index.php\/wp-json\/wp\/v2\/posts"}],"about":[{"href":"https:\/\/blogdoedvaldomagalhaes.com.br\/index.php\/wp-json\/wp\/v2\/types\/post"}],"author":[{"embeddable":true,"href":"https:\/\/blogdoedvaldomagalhaes.com.br\/index.php\/wp-json\/wp\/v2\/users\/1"}],"replies":[{"embeddable":true,"href":"https:\/\/blogdoedvaldomagalhaes.com.br\/index.php\/wp-json\/wp\/v2\/comments?post=2030"}],"version-history":[{"count":1,"href":"https:\/\/blogdoedvaldomagalhaes.com.br\/index.php\/wp-json\/wp\/v2\/posts\/2030\/revisions"}],"predecessor-version":[{"id":31911,"href":"https:\/\/blogdoedvaldomagalhaes.com.br\/index.php\/wp-json\/wp\/v2\/posts\/2030\/revisions\/31911"}],"wp:attachment":[{"href":"https:\/\/blogdoedvaldomagalhaes.com.br\/index.php\/wp-json\/wp\/v2\/media?parent=2030"}],"wp:term":[{"taxonomy":"category","embeddable":true,"href":"https:\/\/blogdoedvaldomagalhaes.com.br\/index.php\/wp-json\/wp\/v2\/categories?post=2030"},{"taxonomy":"post_tag","embeddable":true,"href":"https:\/\/blogdoedvaldomagalhaes.com.br\/index.php\/wp-json\/wp\/v2\/tags?post=2030"}],"curies":[{"name":"wp","href":"https:\/\/api.w.org\/{rel}","templated":true}]}}