{"id":2029,"date":"2018-06-18T16:25:00","date_gmt":"2018-06-18T19:25:00","guid":{"rendered":"http:\/\/blogdoedvaldomagalhaes.com.br\/index.php\/2018\/06\/18\/presidenciavel-geraldo-alckmin\/"},"modified":"2019-02-09T02:20:08","modified_gmt":"2019-02-09T04:20:08","slug":"presidenciavel-geraldo-alckmin","status":"publish","type":"post","link":"https:\/\/blogdoedvaldomagalhaes.com.br\/index.php\/2018\/06\/18\/presidenciavel-geraldo-alckmin\/","title":{"rendered":"Presidenci\u00e1vel Geraldo Alckmin convidado por Raquel Lyra dever\u00e1 vir ao S\u00e3o Jo\u00e3o de Caruaru"},"content":{"rendered":"<div class=\"separator\" style=\"clear: both; text-align: center;\">\n<a href=\"https:\/\/2.bp.blogspot.com\/-fcwxHRFBHoM\/WyfcKmzn0GI\/AAAAAAAAz70\/GBS9YTE6TfoFe3IYqirGgZV2kwEOFZYdQCLcBGAs\/s1600\/rquewl.jpg\" imageanchor=\"1\" style=\"margin-left: 1em; margin-right: 1em;\"><img loading=\"lazy\" decoding=\"async\" border=\"0\" data-original-height=\"440\" data-original-width=\"720\" height=\"390\" src=\"http:\/\/blogdoedvaldomagalhaes.com.br\/wp-content\/uploads\/2018\/06\/rquewl.jpg\" width=\"640\" \/><\/a><\/div>\n<div style=\"text-align: center;\">\nFoto: Divulga\u00e7\u00e3o<\/div>\n<div style=\"text-align: center;\">\n<\/div>\n<div style=\"background-color: white; box-sizing: border-box; margin-bottom: 10px; text-align: justify; word-wrap: break-word;\">\nO pr\u00e9-candidato \u00e0 Presid\u00eancia da Rep\u00fablica Geraldo Alckmin foi convidado pela prefeita de Caruaru, Raquel Lyra, para vir ao S\u00e3o Jo\u00e3o de Caruaru. Raquel confirmou entrevista na R\u00e1dio Liberdade, nesse domingo (17), que aguarda a vinda de Alckmin na pr\u00f3xima sexta-feira (22).&nbsp;<\/p>\n<p>O tucano anunciou a forma\u00e7\u00e3o da equipe que atuar\u00e1 nas quest\u00f5es de seguran\u00e7a p\u00fablica durante sua campanha, e uma das integrantes do grupo \u00e9 a Raquel Lyra, ex-policial federal. Al\u00e9m disso, integram a equipe o general Jo\u00e3o Campos e o professor Leandro Piquet Carneiro.<\/p><\/div>\n","protected":false},"excerpt":{"rendered":"<p>Foto: Divulga\u00e7\u00e3o O pr\u00e9-candidato \u00e0 Presid\u00eancia da Rep\u00fablica Geraldo Alckmin foi convidado pela prefeita de Caruaru, Raquel Lyra, para vir&hellip;<\/p>\n","protected":false},"author":1,"featured_media":0,"comment_status":"open","ping_status":"open","sticky":false,"template":"","format":"standard","meta":{"footnotes":""},"categories":[1],"tags":[2,20,2104],"class_list":["post-2029","post","type-post","status-publish","format-standard","hentry","category-sem-categoria","tag-blog-do-edvaldo-magalhaes","tag-politica","tag-presidenciavel-geraldo-alckmin-convidado-por-raquel-lyra-devera-vir-ao-sao-joao-de-caruaru"],"_links":{"self":[{"href":"https:\/\/blogdoedvaldomagalhaes.com.br\/index.php\/wp-json\/wp\/v2\/posts\/2029","targetHints":{"allow":["GET"]}}],"collection":[{"href":"https:\/\/blogdoedvaldomagalhaes.com.br\/index.php\/wp-json\/wp\/v2\/posts"}],"about":[{"href":"https:\/\/blogdoedvaldomagalhaes.com.br\/index.php\/wp-json\/wp\/v2\/types\/post"}],"author":[{"embeddable":true,"href":"https:\/\/blogdoedvaldomagalhaes.com.br\/index.php\/wp-json\/wp\/v2\/users\/1"}],"replies":[{"embeddable":true,"href":"https:\/\/blogdoedvaldomagalhaes.com.br\/index.php\/wp-json\/wp\/v2\/comments?post=2029"}],"version-history":[{"count":1,"href":"https:\/\/blogdoedvaldomagalhaes.com.br\/index.php\/wp-json\/wp\/v2\/posts\/2029\/revisions"}],"predecessor-version":[{"id":31913,"href":"https:\/\/blogdoedvaldomagalhaes.com.br\/index.php\/wp-json\/wp\/v2\/posts\/2029\/revisions\/31913"}],"wp:attachment":[{"href":"https:\/\/blogdoedvaldomagalhaes.com.br\/index.php\/wp-json\/wp\/v2\/media?parent=2029"}],"wp:term":[{"taxonomy":"category","embeddable":true,"href":"https:\/\/blogdoedvaldomagalhaes.com.br\/index.php\/wp-json\/wp\/v2\/categories?post=2029"},{"taxonomy":"post_tag","embeddable":true,"href":"https:\/\/blogdoedvaldomagalhaes.com.br\/index.php\/wp-json\/wp\/v2\/tags?post=2029"}],"curies":[{"name":"wp","href":"https:\/\/api.w.org\/{rel}","templated":true}]}}