{"id":2028,"date":"2018-06-18T16:56:00","date_gmt":"2018-06-18T19:56:00","guid":{"rendered":"http:\/\/blogdoedvaldomagalhaes.com.br\/index.php\/2018\/06\/18\/silvio-nascimento-continua-consolidando\/"},"modified":"2019-02-09T02:20:09","modified_gmt":"2019-02-09T04:20:09","slug":"silvio-nascimento-continua-consolidando","status":"publish","type":"post","link":"https:\/\/blogdoedvaldomagalhaes.com.br\/index.php\/2018\/06\/18\/silvio-nascimento-continua-consolidando\/","title":{"rendered":"Silvio Nascimento continua consolidando apoios nas cidades do agreste meridional"},"content":{"rendered":"<div class=\"separator\" style=\"clear: both; text-align: center;\">\n<a href=\"https:\/\/3.bp.blogspot.com\/-f3XU5z6s7HQ\/WyfjhdIJ-RI\/AAAAAAAAz8E\/Qaih42r6YpQdtzTYw7Ss8GlK0sJ3OeBNQCLcBGAs\/s1600\/IMG-20180618-WA0090.jpg\" imageanchor=\"1\" style=\"margin-left: 1em; margin-right: 1em;\"><img loading=\"lazy\" decoding=\"async\" border=\"0\" data-original-height=\"590\" data-original-width=\"1280\" height=\"292\" src=\"http:\/\/blogdoedvaldomagalhaes.com.br\/wp-content\/uploads\/2018\/06\/IMG-20180618-WA0090.jpg\" width=\"640\" \/><\/a><\/div>\n<div class=\"separator\" style=\"clear: both; text-align: center;\">\n<\/div>\n<p><\/p>\n<div class=\"separator\" style=\"clear: both; text-align: center;\">\n<\/div>\n<div style=\"text-align: justify;\">\nNo \u00faltimo fim de semana o pr\u00e9-candidato a deputado federal, Silvio Nascimento esteve em Garanhuns na companhia de Thiago Paes, pr\u00e9-candidato a deputado estadual e que o apoia naquela regi\u00e3o.&nbsp;<\/p>\n<div class=\"separator\" style=\"clear: both; text-align: center;\">\n<a href=\"https:\/\/3.bp.blogspot.com\/-KoWXP_991aM\/Wyfk0joD6EI\/AAAAAAAAz84\/ibWPm5AS3aMqL5b-r6TgdL6RBsB9PeDBgCLcBGAs\/s1600\/silvio%2B4.jpg\" imageanchor=\"1\" style=\"margin-left: 1em; margin-right: 1em;\"><img loading=\"lazy\" decoding=\"async\" border=\"0\" data-original-height=\"320\" data-original-width=\"281\" height=\"640\" src=\"http:\/\/blogdoedvaldomagalhaes.com.br\/wp-content\/uploads\/2018\/06\/silvio4.jpg\" width=\"562\" \/><\/a><\/div>\n<p>\nNo encontro foram definidas a\u00e7\u00f5es para refor\u00e7ar a pr\u00e9-campanha dos dois, al\u00e9m das de Gilson Machado Neto ao Senado e do deputado Jair Bolsonaro \u00e0 presid\u00eancia da rep\u00fablica.&nbsp;<\/p>\n<div class=\"separator\" style=\"clear: both; text-align: center;\">\n<a href=\"https:\/\/3.bp.blogspot.com\/-wZEOnAVK99c\/WyflCknPn0I\/AAAAAAAAz9A\/M7P8MxgaiEUQ0ZlzTEtsrgwEG999_lcGACLcBGAs\/s1600\/silvio%2B1.jpg\" imageanchor=\"1\" style=\"margin-left: 1em; margin-right: 1em;\"><img loading=\"lazy\" decoding=\"async\" border=\"0\" data-original-height=\"229\" data-original-width=\"320\" height=\"456\" src=\"http:\/\/blogdoedvaldomagalhaes.com.br\/wp-content\/uploads\/2018\/06\/silvio1.jpg\" width=\"640\" \/><\/a><\/div>\n<p>\nAl\u00e9m de Garanhuns, estiveram presentes lideran\u00e7as pol\u00edticas de S\u00e3o Bento do Una, Iati, Lajedo e S\u00e3o Jo\u00e3o. O Major Evandro, presidente do PSL de Caruaru tamb\u00e9m esteve presente e falou sobre as a\u00e7\u00f5es que ser\u00e3o promovidas pelo partido nas cidades do agreste setentrional.<\/p>\n<div class=\"separator\" style=\"clear: both; text-align: center;\">\n<a href=\"https:\/\/1.bp.blogspot.com\/-lXS-kHlnDDM\/WyflIyG-QcI\/AAAAAAAAz9I\/-kaROx_DGCgtSEt8J8YUHKTMxap9B_kxQCLcBGAs\/s1600\/silvio%2B2.jpg\" imageanchor=\"1\" style=\"margin-left: 1em; margin-right: 1em;\"><img loading=\"lazy\" decoding=\"async\" border=\"0\" data-original-height=\"240\" data-original-width=\"320\" height=\"480\" src=\"http:\/\/blogdoedvaldomagalhaes.com.br\/wp-content\/uploads\/2018\/06\/silvio2.jpg\" width=\"640\" \/><\/a><\/div>\n<p><\/p>\n<div class=\"separator\" style=\"clear: both; text-align: center;\">\n<a href=\"https:\/\/3.bp.blogspot.com\/-zuT0B0MLSoY\/WyflKpZGwkI\/AAAAAAAAz9M\/Hv4M3bkHlcMY5VOn6Sc2Z037FVTA4_tVwCLcBGAs\/s1600\/silvio%2B3.jpg\" imageanchor=\"1\" style=\"margin-left: 1em; margin-right: 1em;\"><img loading=\"lazy\" decoding=\"async\" border=\"0\" data-original-height=\"240\" data-original-width=\"320\" height=\"480\" src=\"http:\/\/blogdoedvaldomagalhaes.com.br\/wp-content\/uploads\/2018\/06\/silvio3.jpg\" width=\"640\" \/><\/a><\/div>\n<p><\/p>\n<div class=\"separator\" style=\"clear: both; text-align: center;\">\n<a href=\"https:\/\/4.bp.blogspot.com\/-GweMSDVwWSw\/WyflL5IMhSI\/AAAAAAAAz9Q\/A4B5mJdMTBQM-ukleWUXyH6gZNg_VxbAgCLcBGAs\/s1600\/silvio%2B5.jpg\" imageanchor=\"1\" style=\"margin-left: 1em; margin-right: 1em;\"><img loading=\"lazy\" decoding=\"async\" border=\"0\" data-original-height=\"199\" data-original-width=\"320\" height=\"396\" src=\"http:\/\/blogdoedvaldomagalhaes.com.br\/wp-content\/uploads\/2018\/06\/silvio5.jpg\" width=\"640\" \/><\/a><\/div>\n<p><\/p>\n<div class=\"separator\" style=\"clear: both; text-align: center;\">\n<a href=\"https:\/\/1.bp.blogspot.com\/-eoGwKyJ2ZY0\/WyflNElmDCI\/AAAAAAAAz9U\/AYeNux_orQMF5DWSrC-3xm-jVmVpxIIMgCLcBGAs\/s1600\/silvio%2B6.jpg\" imageanchor=\"1\" style=\"margin-left: 1em; margin-right: 1em;\"><img loading=\"lazy\" decoding=\"async\" border=\"0\" data-original-height=\"240\" data-original-width=\"320\" height=\"480\" src=\"http:\/\/blogdoedvaldomagalhaes.com.br\/wp-content\/uploads\/2018\/06\/silvio6.jpg\" width=\"640\" \/><\/a><\/div>\n<p><\/div>\n","protected":false},"excerpt":{"rendered":"<p>No \u00faltimo fim de semana o pr\u00e9-candidato a deputado federal, Silvio Nascimento esteve em Garanhuns na companhia de Thiago Paes,&hellip;<\/p>\n","protected":false},"author":1,"featured_media":0,"comment_status":"open","ping_status":"open","sticky":false,"template":"","format":"standard","meta":{"footnotes":""},"categories":[1],"tags":[2,20,2103],"class_list":["post-2028","post","type-post","status-publish","format-standard","hentry","category-sem-categoria","tag-blog-do-edvaldo-magalhaes","tag-politica","tag-silvio-nascimento-continua-consolidando-apoios-nas-cidades-do-agreste-meridional"],"_links":{"self":[{"href":"https:\/\/blogdoedvaldomagalhaes.com.br\/index.php\/wp-json\/wp\/v2\/posts\/2028","targetHints":{"allow":["GET"]}}],"collection":[{"href":"https:\/\/blogdoedvaldomagalhaes.com.br\/index.php\/wp-json\/wp\/v2\/posts"}],"about":[{"href":"https:\/\/blogdoedvaldomagalhaes.com.br\/index.php\/wp-json\/wp\/v2\/types\/post"}],"author":[{"embeddable":true,"href":"https:\/\/blogdoedvaldomagalhaes.com.br\/index.php\/wp-json\/wp\/v2\/users\/1"}],"replies":[{"embeddable":true,"href":"https:\/\/blogdoedvaldomagalhaes.com.br\/index.php\/wp-json\/wp\/v2\/comments?post=2028"}],"version-history":[{"count":1,"href":"https:\/\/blogdoedvaldomagalhaes.com.br\/index.php\/wp-json\/wp\/v2\/posts\/2028\/revisions"}],"predecessor-version":[{"id":31921,"href":"https:\/\/blogdoedvaldomagalhaes.com.br\/index.php\/wp-json\/wp\/v2\/posts\/2028\/revisions\/31921"}],"wp:attachment":[{"href":"https:\/\/blogdoedvaldomagalhaes.com.br\/index.php\/wp-json\/wp\/v2\/media?parent=2028"}],"wp:term":[{"taxonomy":"category","embeddable":true,"href":"https:\/\/blogdoedvaldomagalhaes.com.br\/index.php\/wp-json\/wp\/v2\/categories?post=2028"},{"taxonomy":"post_tag","embeddable":true,"href":"https:\/\/blogdoedvaldomagalhaes.com.br\/index.php\/wp-json\/wp\/v2\/tags?post=2028"}],"curies":[{"name":"wp","href":"https:\/\/api.w.org\/{rel}","templated":true}]}}