{"id":2027,"date":"2018-06-18T17:57:00","date_gmt":"2018-06-18T20:57:00","guid":{"rendered":"http:\/\/blogdoedvaldomagalhaes.com.br\/index.php\/2018\/06\/18\/figura-folclorica-de-caruaru-ernando\/"},"modified":"2019-02-09T02:20:12","modified_gmt":"2019-02-09T04:20:12","slug":"figura-folclorica-de-caruaru-ernando","status":"publish","type":"post","link":"https:\/\/blogdoedvaldomagalhaes.com.br\/index.php\/2018\/06\/18\/figura-folclorica-de-caruaru-ernando\/","title":{"rendered":"Figura folcl\u00f3rica de Caruaru: Ernando foi atropelado e est\u00e1 hospitalizado"},"content":{"rendered":"<p><\/p>\n<div class=\"text_exposed_root text_exposed\" id=\"id_5b27ef812546b3284411466\" style=\"display: inline;\">\n<div class=\"separator\" style=\"clear: both; text-align: center;\">\n<a href=\"https:\/\/3.bp.blogspot.com\/-2TgZWv1DJpw\/WyfwqDRFSlI\/AAAAAAAAz9s\/gZP_ynjz0VscLiQ-cofIwSedeRrwKgeIACLcBGAs\/s1600\/ernandes.jpg\" imageanchor=\"1\" style=\"margin-left: 1em; margin-right: 1em;\"><img loading=\"lazy\" decoding=\"async\" border=\"0\" data-original-height=\"332\" data-original-width=\"443\" height=\"474\" src=\"http:\/\/blogdoedvaldomagalhaes.com.br\/wp-content\/uploads\/2018\/06\/ernandes.jpg\" width=\"640\" \/><\/a><\/div>\n<div style=\"text-align: justify;\">\n<\/div>\n<div style=\"text-align: justify;\">\nO torcedor do Central, Ernando Lauriano de Carvalho, de 72 anos de idade, foi atropelado o in\u00edcio da madrugada desta segunda-feira (18), nas proximidades do P\u00e1tio de Eventos Luiz Gonzaga, dando entrada no Hospital Regional do Agreste (HRA), por volta de 01h08 da madrugada. O Blog do Edvaldo Magalh\u00e3es entrou em contato com o Hospital Regional do Agreste (HRA), recebendo a informa\u00e7\u00e3o que Ernando Laureano deu entrada naquela unidade hospitalar v\u00edtima de atropelamento, tendo v\u00e1rios traumas e um deles foi no olho. Ernando foi transferido para o Hospital Altino Ventura, em Recife.<\/p>\n<p>Ernando Lauriano de Carvalho \u00e9 uma figura folcl\u00f3rica e muita querida em Caruaru. Ele sempre \u00e9 visto com a bandeira do Central nos eventos da cidade, frequenta eventos da Igreja Cat\u00f3lica, entre outros.<\/p><\/div>\n<\/div>\n","protected":false},"excerpt":{"rendered":"<p>O torcedor do Central, Ernando Lauriano de Carvalho, de 72 anos de idade, foi atropelado o in\u00edcio da madrugada desta&hellip;<\/p>\n","protected":false},"author":1,"featured_media":0,"comment_status":"open","ping_status":"open","sticky":false,"template":"","format":"standard","meta":{"footnotes":""},"categories":[1],"tags":[2,2102,6],"class_list":["post-2027","post","type-post","status-publish","format-standard","hentry","category-sem-categoria","tag-blog-do-edvaldo-magalhaes","tag-figura-folclorica-de-caruaru-ernando-foi-atropelado-e-esta-hospitalizado","tag-noticias"],"_links":{"self":[{"href":"https:\/\/blogdoedvaldomagalhaes.com.br\/index.php\/wp-json\/wp\/v2\/posts\/2027","targetHints":{"allow":["GET"]}}],"collection":[{"href":"https:\/\/blogdoedvaldomagalhaes.com.br\/index.php\/wp-json\/wp\/v2\/posts"}],"about":[{"href":"https:\/\/blogdoedvaldomagalhaes.com.br\/index.php\/wp-json\/wp\/v2\/types\/post"}],"author":[{"embeddable":true,"href":"https:\/\/blogdoedvaldomagalhaes.com.br\/index.php\/wp-json\/wp\/v2\/users\/1"}],"replies":[{"embeddable":true,"href":"https:\/\/blogdoedvaldomagalhaes.com.br\/index.php\/wp-json\/wp\/v2\/comments?post=2027"}],"version-history":[{"count":1,"href":"https:\/\/blogdoedvaldomagalhaes.com.br\/index.php\/wp-json\/wp\/v2\/posts\/2027\/revisions"}],"predecessor-version":[{"id":31923,"href":"https:\/\/blogdoedvaldomagalhaes.com.br\/index.php\/wp-json\/wp\/v2\/posts\/2027\/revisions\/31923"}],"wp:attachment":[{"href":"https:\/\/blogdoedvaldomagalhaes.com.br\/index.php\/wp-json\/wp\/v2\/media?parent=2027"}],"wp:term":[{"taxonomy":"category","embeddable":true,"href":"https:\/\/blogdoedvaldomagalhaes.com.br\/index.php\/wp-json\/wp\/v2\/categories?post=2027"},{"taxonomy":"post_tag","embeddable":true,"href":"https:\/\/blogdoedvaldomagalhaes.com.br\/index.php\/wp-json\/wp\/v2\/tags?post=2027"}],"curies":[{"name":"wp","href":"https:\/\/api.w.org\/{rel}","templated":true}]}}