{"id":2023,"date":"2018-06-19T10:43:00","date_gmt":"2018-06-19T13:43:00","guid":{"rendered":"http:\/\/blogdoedvaldomagalhaes.com.br\/index.php\/2018\/06\/19\/suspeitos-de-roubos-e-clonagem-de\/"},"modified":"2019-02-09T02:20:14","modified_gmt":"2019-02-09T04:20:14","slug":"suspeitos-de-roubos-e-clonagem-de","status":"publish","type":"post","link":"https:\/\/blogdoedvaldomagalhaes.com.br\/index.php\/2018\/06\/19\/suspeitos-de-roubos-e-clonagem-de\/","title":{"rendered":"Suspeitos de roubos e clonagem de ve\u00edculos s\u00e3o presos em Caruaru"},"content":{"rendered":"<div class=\"separator\" style=\"clear: both; text-align: center;\">\n<a href=\"https:\/\/2.bp.blogspot.com\/-_pRedMzC6gY\/WyjeUOsBsgI\/AAAAAAAA0Co\/buEsAuAuFz4Ny6umlvzOM9kZlh5JyYYQwCLcBGAs\/s1600\/pm.jpg\" imageanchor=\"1\" style=\"margin-left: 1em; margin-right: 1em;\"><img loading=\"lazy\" decoding=\"async\" border=\"0\" data-original-height=\"200\" data-original-width=\"300\" height=\"426\" src=\"http:\/\/blogdoedvaldomagalhaes.com.br\/wp-content\/uploads\/2018\/06\/pm-2.jpg\" width=\"640\" \/><\/a><\/div>\n<div class=\"separator\" style=\"clear: both; text-align: center;\">\nFoto: PMPE\/Divulga\u00e7\u00e3o<\/div>\n<div style=\"background-color: white; box-sizing: border-box; line-height: 24px; margin-bottom: 10px; text-align: justify;\">\n<\/div>\n<div style=\"background-color: white; box-sizing: border-box; line-height: 24px; margin-bottom: 10px; text-align: justify;\">\nTr\u00eas homens foram presos em Caruaru, no final da tarde desta segunda-feira (18), suspeitos de roubos e clonagem de ve\u00edculos. A a\u00e7\u00e3o policial, que envolveu equipes do BIEsp e do 4\u00ba BPM, come\u00e7ou no bairro Jos\u00e9 Carlos de Oliveira.<\/div>\n<div style=\"background-color: white; box-sizing: border-box; line-height: 24px; margin-bottom: 10px; text-align: justify;\">\nForam presos Jeanderson Gutierrys Bezerra, 23 anos; Jo\u00e3o Claudino da Silva, 45; e Jos\u00e9 Kleber Xavier Flor\u00eancio, 30.<\/div>\n<div style=\"background-color: white; box-sizing: border-box; line-height: 24px; margin-bottom: 10px; text-align: justify;\">\nOs policiais recuperaram um ve\u00edculo Fiat roubado e com placa clonada e apreenderam 4.270 reais em esp\u00e9cie, um rev\u00f3lver calibre 38, seis muni\u00e7\u00f5es, placas e matrizes utilizadas para clonar ve\u00edculos. Os suspeitos e o material foram apresentados no plant\u00e3o da 1\u00aa DP.<\/div>\n","protected":false},"excerpt":{"rendered":"<p>Foto: PMPE\/Divulga\u00e7\u00e3o Tr\u00eas homens foram presos em Caruaru, no final da tarde desta segunda-feira (18), suspeitos de roubos e clonagem&hellip;<\/p>\n","protected":false},"author":1,"featured_media":0,"comment_status":"open","ping_status":"open","sticky":false,"template":"","format":"standard","meta":{"footnotes":""},"categories":[1],"tags":[2,13,2097],"class_list":["post-2023","post","type-post","status-publish","format-standard","hentry","category-sem-categoria","tag-blog-do-edvaldo-magalhaes","tag-policial","tag-suspeitos-de-roubos-e-clonagem-de-veiculos-sao-presos-em-caruaru"],"_links":{"self":[{"href":"https:\/\/blogdoedvaldomagalhaes.com.br\/index.php\/wp-json\/wp\/v2\/posts\/2023","targetHints":{"allow":["GET"]}}],"collection":[{"href":"https:\/\/blogdoedvaldomagalhaes.com.br\/index.php\/wp-json\/wp\/v2\/posts"}],"about":[{"href":"https:\/\/blogdoedvaldomagalhaes.com.br\/index.php\/wp-json\/wp\/v2\/types\/post"}],"author":[{"embeddable":true,"href":"https:\/\/blogdoedvaldomagalhaes.com.br\/index.php\/wp-json\/wp\/v2\/users\/1"}],"replies":[{"embeddable":true,"href":"https:\/\/blogdoedvaldomagalhaes.com.br\/index.php\/wp-json\/wp\/v2\/comments?post=2023"}],"version-history":[{"count":1,"href":"https:\/\/blogdoedvaldomagalhaes.com.br\/index.php\/wp-json\/wp\/v2\/posts\/2023\/revisions"}],"predecessor-version":[{"id":31933,"href":"https:\/\/blogdoedvaldomagalhaes.com.br\/index.php\/wp-json\/wp\/v2\/posts\/2023\/revisions\/31933"}],"wp:attachment":[{"href":"https:\/\/blogdoedvaldomagalhaes.com.br\/index.php\/wp-json\/wp\/v2\/media?parent=2023"}],"wp:term":[{"taxonomy":"category","embeddable":true,"href":"https:\/\/blogdoedvaldomagalhaes.com.br\/index.php\/wp-json\/wp\/v2\/categories?post=2023"},{"taxonomy":"post_tag","embeddable":true,"href":"https:\/\/blogdoedvaldomagalhaes.com.br\/index.php\/wp-json\/wp\/v2\/tags?post=2023"}],"curies":[{"name":"wp","href":"https:\/\/api.w.org\/{rel}","templated":true}]}}