{"id":2021,"date":"2018-06-19T15:21:00","date_gmt":"2018-06-19T18:21:00","guid":{"rendered":"http:\/\/blogdoedvaldomagalhaes.com.br\/index.php\/2018\/06\/19\/ex-deputada-miriam-lacerda-recebe\/"},"modified":"2019-02-09T02:20:15","modified_gmt":"2019-02-09T04:20:15","slug":"ex-deputada-miriam-lacerda-recebe","status":"publish","type":"post","link":"https:\/\/blogdoedvaldomagalhaes.com.br\/index.php\/2018\/06\/19\/ex-deputada-miriam-lacerda-recebe\/","title":{"rendered":"Ex-deputada Miriam Lacerda recebe homenagem na Assembleia Legislativa"},"content":{"rendered":"<div class=\"separator\" style=\"clear: both; text-align: center;\">\n<a href=\"https:\/\/2.bp.blogspot.com\/-RiGaigh9Bic\/Wykfawn-qoI\/AAAAAAAA0Dc\/ZfYk_LTd1PQP8oad4MrGO4IxDdkkVfd7gCLcBGAs\/s1600\/mirianm.jpg\" imageanchor=\"1\" style=\"margin-left: 1em; margin-right: 1em;\"><img loading=\"lazy\" decoding=\"async\" border=\"0\" data-original-height=\"414\" data-original-width=\"500\" height=\"528\" src=\"http:\/\/blogdoedvaldomagalhaes.com.br\/wp-content\/uploads\/2018\/06\/mirianm.jpg\" width=\"640\" \/><\/a><\/div>\n<div class=\"separator\" style=\"clear: both; text-align: center;\">\n<\/div>\n<div style=\"background-color: white; box-sizing: border-box; line-height: 24px; margin-bottom: 10px; text-align: justify;\">\nA ex-deputada estadual Miriam Lacerda recebeu homenagem, na manh\u00e3 desta ter\u00e7a-feira (19), na Assembleia Legislativa de Pernambuco (Alepe). Ela foi homenageada pela A\u00e7\u00e3o de Cidadania Contra a Fome \u2013 Pernambuco Solid\u00e1rio. A solenidade aconteceu no audit\u00f3rio da Casa.<\/div>\n<div class=\"separator\" style=\"clear: both; text-align: center;\">\n<\/div>\n<div class=\"wp-video\" style=\"background-color: white; box-sizing: border-box; height: auto; max-width: 100%; text-align: start; width: 640px;\">\n<\/div>\n<p><\/p>\n<div style=\"-webkit-text-stroke-width: 0px; background-color: white; box-sizing: border-box; font-style: normal; font-variant-caps: normal; font-variant-ligatures: normal; font-weight: 400; letter-spacing: normal; line-height: 24px; margin: 0px 0px 10px; orphans: 2; text-align: justify; text-decoration-color: initial; text-decoration-style: initial; text-indent: 0px; text-transform: none; white-space: normal; widows: 2; word-spacing: 0px;\">\n<strong style=\"box-sizing: border-box; font-weight: bold;\">Veja<\/strong>&nbsp;parte do discurso da ex-deputada durante a homenagem por desenvolver a\u00e7\u00f5es do bem-estar social.<\/p>\n<div class=\"separator\" style=\"clear: both; text-align: center;\">\n<\/div>\n<p><\/div>\n","protected":false},"excerpt":{"rendered":"<p>A ex-deputada estadual Miriam Lacerda recebeu homenagem, na manh\u00e3 desta ter\u00e7a-feira (19), na Assembleia Legislativa de Pernambuco (Alepe). Ela foi&hellip;<\/p>\n","protected":false},"author":1,"featured_media":0,"comment_status":"open","ping_status":"open","sticky":false,"template":"","format":"standard","meta":{"footnotes":""},"categories":[1],"tags":[2,2095,20],"class_list":["post-2021","post","type-post","status-publish","format-standard","hentry","category-sem-categoria","tag-blog-do-edvaldo-magalhaes","tag-ex-deputada-miriam-lacerda-recebe-homenagem-na-assembleia-legislativa","tag-politica"],"_links":{"self":[{"href":"https:\/\/blogdoedvaldomagalhaes.com.br\/index.php\/wp-json\/wp\/v2\/posts\/2021","targetHints":{"allow":["GET"]}}],"collection":[{"href":"https:\/\/blogdoedvaldomagalhaes.com.br\/index.php\/wp-json\/wp\/v2\/posts"}],"about":[{"href":"https:\/\/blogdoedvaldomagalhaes.com.br\/index.php\/wp-json\/wp\/v2\/types\/post"}],"author":[{"embeddable":true,"href":"https:\/\/blogdoedvaldomagalhaes.com.br\/index.php\/wp-json\/wp\/v2\/users\/1"}],"replies":[{"embeddable":true,"href":"https:\/\/blogdoedvaldomagalhaes.com.br\/index.php\/wp-json\/wp\/v2\/comments?post=2021"}],"version-history":[{"count":1,"href":"https:\/\/blogdoedvaldomagalhaes.com.br\/index.php\/wp-json\/wp\/v2\/posts\/2021\/revisions"}],"predecessor-version":[{"id":31937,"href":"https:\/\/blogdoedvaldomagalhaes.com.br\/index.php\/wp-json\/wp\/v2\/posts\/2021\/revisions\/31937"}],"wp:attachment":[{"href":"https:\/\/blogdoedvaldomagalhaes.com.br\/index.php\/wp-json\/wp\/v2\/media?parent=2021"}],"wp:term":[{"taxonomy":"category","embeddable":true,"href":"https:\/\/blogdoedvaldomagalhaes.com.br\/index.php\/wp-json\/wp\/v2\/categories?post=2021"},{"taxonomy":"post_tag","embeddable":true,"href":"https:\/\/blogdoedvaldomagalhaes.com.br\/index.php\/wp-json\/wp\/v2\/tags?post=2021"}],"curies":[{"name":"wp","href":"https:\/\/api.w.org\/{rel}","templated":true}]}}