{"id":2019,"date":"2018-06-19T15:51:00","date_gmt":"2018-06-19T18:51:00","guid":{"rendered":"http:\/\/blogdoedvaldomagalhaes.com.br\/index.php\/2018\/06\/19\/matadouro-publico-de-caruaru-sera\/"},"modified":"2019-02-09T02:20:16","modified_gmt":"2019-02-09T04:20:16","slug":"matadouro-publico-de-caruaru-sera","status":"publish","type":"post","link":"https:\/\/blogdoedvaldomagalhaes.com.br\/index.php\/2018\/06\/19\/matadouro-publico-de-caruaru-sera\/","title":{"rendered":"Matadouro P\u00fablico de Caruaru ser\u00e1 privatizado a partir do pr\u00f3ximo m\u00eas de julho"},"content":{"rendered":"<div class=\"separator\" style=\"clear: both; text-align: center;\">\n<a href=\"https:\/\/4.bp.blogspot.com\/-kPR3qMP5u2U\/Wykl9GdYIHI\/AAAAAAAA0D0\/fgSrbrwHgAcEpPsEfBdhG_FEUoWcqI7-wCLcBGAs\/s1600\/matadouro.jpg\" imageanchor=\"1\" style=\"margin-left: 1em; margin-right: 1em;\"><img loading=\"lazy\" decoding=\"async\" border=\"0\" data-original-height=\"180\" data-original-width=\"300\" height=\"384\" src=\"http:\/\/blogdoedvaldomagalhaes.com.br\/wp-content\/uploads\/2018\/06\/matadouro.jpg\" width=\"640\" \/><\/a><\/div>\n<div style=\"background-color: white; box-sizing: border-box; line-height: 24px; margin-bottom: 10px; text-align: justify;\">\n<\/div>\n<div style=\"background-color: white; box-sizing: border-box; line-height: 24px; margin-bottom: 10px; text-align: justify;\">\n<b>Fonte: R\u00e1dio Liberdade<\/b><\/div>\n<div style=\"background-color: white; box-sizing: border-box; line-height: 24px; margin-bottom: 10px; text-align: justify;\">\nO Matadouro P\u00fablico de Caruaru, Agreste pernambucano, ser\u00e1 privatizado a partir do dia primeiro de julho pr\u00f3ximo. O assunto foi tema de reuni\u00e3o nessa segunda-feira (18) realizada pela Associa\u00e7\u00e3o dos Criadores, Marchantes e Fornecedores de Carnes de Pernambuco. Outro encontro foi agendado para esta quarta (20), \u00e0s 15h, e haver\u00e1 nova reuni\u00e3o no dia 27 com todos os marchantes.<\/div>\n<div style=\"background-color: white; box-sizing: border-box; line-height: 24px; margin-bottom: 10px; text-align: justify;\">\nA atua\u00e7\u00e3o da parceria p\u00fablico privada no Matadouro ter\u00e1 dura\u00e7\u00e3o de dois anos, com fiscaliza\u00e7\u00e3o das Secretarias de Feiras e Mercados, Finan\u00e7as e Urb. Durante este prazo, haver\u00e1 constru\u00e7\u00e3o de um novo Matadouro P\u00fablico, que ser\u00e1 transformado em frigor\u00edfico.<\/div>\n<div style=\"background-color: white; box-sizing: border-box; line-height: 24px; margin-bottom: 10px; text-align: justify;\">\nNo novo modelo, a carne passar\u00e1 por processo de resfriamento, antes de ser posta \u00e0 venda, se adequando a futura estrutura do a\u00e7ougue p\u00fablico, localizado no Parque 18 de Maio, que passar\u00e1 por reforma. Com isso, os produtos ser\u00e3o expostos em balc\u00f5es refrigerados.<\/div>\n<div style=\"background-color: white; box-sizing: border-box; line-height: 24px; margin-bottom: 10px; text-align: justify;\">\nO atual gerente do Matadouro P\u00fablico, Gilberto de Dora, vai continuar no cargo ap\u00f3s ser eleito, por unanimidade, pelos membros da diretoria e conselho fiscal da Associa\u00e7\u00e3o dos Criadores, Marchantes e Fornecedores de Carnes de Pernambuco.<\/div>\n<div style=\"background-color: white; box-sizing: border-box; line-height: 24px; margin-bottom: 10px; text-align: justify;\">\n<\/div>\n<div style=\"background-color: white; box-sizing: border-box; line-height: 24px; margin-bottom: 10px; text-align: justify;\">\n<b>Nota da Prefeitura<\/b><\/div>\n<div style=\"text-align: justify;\">\nA Prefeitura de Caruaru, atrav\u00e9s da Secretaria de Servi\u00e7os P\u00fablicos, dar\u00e1 continuidade \u00e0s melhorias do Matadouro P\u00fablico de Caruaru. Para tanto, ser\u00e1 assinado pela prefeita Raquel Lyra, na pr\u00f3xima quarta-feira (20), \u00e0s 12h, no Matadouro P\u00fablico, a Ordem de Servi\u00e7o para novas obras no local. A execu\u00e7\u00e3o ser\u00e1 em parceria com a Associa\u00e7\u00e3o de Criadores, Marchantes e Fornecedores de Carne de Pernambuco.<\/div>\n<div style=\"text-align: justify;\">\n<\/div>\n<div style=\"text-align: justify;\">\nDesde o in\u00edcio da gest\u00e3o, o Matadouro \u00e9 uma das maiores preocupa\u00e7\u00f5es da prefeita, que ir\u00e1 transform\u00e1-lo, com as benfeitorias, em um Frigor\u00edfico Regional, no qual as prioridades ser\u00e3o higiene, novas tecnologias, instala\u00e7\u00f5es adequadas e equipamentos modernos, tudo de acordo com as normas dos \u00f3rg\u00e3os fiscalizadores.<\/div>\n","protected":false},"excerpt":{"rendered":"<p>Fonte: R\u00e1dio Liberdade O Matadouro P\u00fablico de Caruaru, Agreste pernambucano, ser\u00e1 privatizado a partir do dia primeiro de julho pr\u00f3ximo.&hellip;<\/p>\n","protected":false},"author":1,"featured_media":0,"comment_status":"open","ping_status":"open","sticky":false,"template":"","format":"standard","meta":{"footnotes":""},"categories":[1],"tags":[2,2093,6],"class_list":["post-2019","post","type-post","status-publish","format-standard","hentry","category-sem-categoria","tag-blog-do-edvaldo-magalhaes","tag-matadouro-publico-de-caruaru-sera-privatizado-a-partir-do-proximo-mes-de-julho","tag-noticias"],"_links":{"self":[{"href":"https:\/\/blogdoedvaldomagalhaes.com.br\/index.php\/wp-json\/wp\/v2\/posts\/2019","targetHints":{"allow":["GET"]}}],"collection":[{"href":"https:\/\/blogdoedvaldomagalhaes.com.br\/index.php\/wp-json\/wp\/v2\/posts"}],"about":[{"href":"https:\/\/blogdoedvaldomagalhaes.com.br\/index.php\/wp-json\/wp\/v2\/types\/post"}],"author":[{"embeddable":true,"href":"https:\/\/blogdoedvaldomagalhaes.com.br\/index.php\/wp-json\/wp\/v2\/users\/1"}],"replies":[{"embeddable":true,"href":"https:\/\/blogdoedvaldomagalhaes.com.br\/index.php\/wp-json\/wp\/v2\/comments?post=2019"}],"version-history":[{"count":1,"href":"https:\/\/blogdoedvaldomagalhaes.com.br\/index.php\/wp-json\/wp\/v2\/posts\/2019\/revisions"}],"predecessor-version":[{"id":31941,"href":"https:\/\/blogdoedvaldomagalhaes.com.br\/index.php\/wp-json\/wp\/v2\/posts\/2019\/revisions\/31941"}],"wp:attachment":[{"href":"https:\/\/blogdoedvaldomagalhaes.com.br\/index.php\/wp-json\/wp\/v2\/media?parent=2019"}],"wp:term":[{"taxonomy":"category","embeddable":true,"href":"https:\/\/blogdoedvaldomagalhaes.com.br\/index.php\/wp-json\/wp\/v2\/categories?post=2019"},{"taxonomy":"post_tag","embeddable":true,"href":"https:\/\/blogdoedvaldomagalhaes.com.br\/index.php\/wp-json\/wp\/v2\/tags?post=2019"}],"curies":[{"name":"wp","href":"https:\/\/api.w.org\/{rel}","templated":true}]}}