{"id":2018,"date":"2018-06-19T15:53:00","date_gmt":"2018-06-19T18:53:00","guid":{"rendered":"http:\/\/blogdoedvaldomagalhaes.com.br\/index.php\/2018\/06\/19\/faculdade-uninassau-caruaru-abre\/"},"modified":"2019-02-09T02:20:16","modified_gmt":"2019-02-09T04:20:16","slug":"faculdade-uninassau-caruaru-abre","status":"publish","type":"post","link":"https:\/\/blogdoedvaldomagalhaes.com.br\/index.php\/2018\/06\/19\/faculdade-uninassau-caruaru-abre\/","title":{"rendered":"Faculdade UNINASSAU Caruaru abre sele\u00e7\u00e3o para contrata\u00e7\u00e3o de professor"},"content":{"rendered":"<div class=\"separator\" style=\"clear: both; text-align: center;\">\n<a href=\"https:\/\/4.bp.blogspot.com\/-z4Xl2jrlJKw\/WykmxUhejNI\/AAAAAAAA0D8\/h8B9FVEPkU4t_FNrFQi0YPri3f9u3Hl9gCLcBGAs\/s1600\/uni.jpg\" imageanchor=\"1\" style=\"margin-left: 1em; margin-right: 1em;\"><img loading=\"lazy\" decoding=\"async\" border=\"0\" data-original-height=\"169\" data-original-width=\"300\" height=\"358\" src=\"http:\/\/blogdoedvaldomagalhaes.com.br\/wp-content\/uploads\/2018\/06\/uni-1.jpg\" width=\"640\" \/><\/a><\/div>\n<div class=\"separator\" style=\"clear: both; text-align: center;\">\nFoto: Iza\u00edas Rodrigues\/R\u00e1dio Liberdade<\/div>\n<div style=\"background-color: white; box-sizing: border-box; line-height: 24px; margin-bottom: 10px; text-align: justify;\">\n<\/div>\n<div style=\"background-color: white; box-sizing: border-box; line-height: 24px; margin-bottom: 10px; text-align: justify;\">\nA Faculdade UNINASSAU Caruaru est\u00e1 com inscri\u00e7\u00f5es abertas para o processo seletivo de contrata\u00e7\u00e3o de professor para diversos cursos da unidade do semestre letivo 2018.2. As vagas s\u00e3o para 55 disciplinas, distribu\u00eddas entre as \u00e1reas de exatas, sa\u00fade e humanas, abrangendo os 20 cursos de gradua\u00e7\u00e3o e de curta dura\u00e7\u00e3o (tecn\u00f3logos) ofertados pela Institui\u00e7\u00e3o.<\/div>\n<div style=\"background-color: white; box-sizing: border-box; line-height: 24px; margin-bottom: 10px; text-align: justify;\">\nOs interessados \u00e0s vagas devem enviar o Curr\u00edculo Lattes at\u00e9 o dia 25 de junho para o e-mail&nbsp;<a href=\"mailto:ana.tereza@mauriciodenassau.edu.br\" style=\"background-color: transparent; box-sizing: border-box; text-decoration-line: none; transition: 0.3s;\"><strong style=\"box-sizing: border-box;\">ana.tereza@mauriciodenassau.edu.br<\/strong><\/a>. Ap\u00f3s essa data, ser\u00e1 realizada uma an\u00e1lise e arquivamento no banco de talentos da Institui\u00e7\u00e3o.<\/div>\n<div style=\"background-color: white; box-sizing: border-box; line-height: 24px; margin-bottom: 10px; text-align: justify;\">\nA avalia\u00e7\u00e3o do Curr\u00edculo Lattes ser\u00e1 eliminat\u00f3ria, levando-se em considera\u00e7\u00e3o a forma\u00e7\u00e3o acad\u00eamica; Produ\u00e7\u00e3o cient\u00edfica, tecnol\u00f3gica, art\u00edstica ou cultural; atualiza\u00e7\u00e3o profissional; e a experi\u00eancia como docente.<\/div>\n","protected":false},"excerpt":{"rendered":"<p>Foto: Iza\u00edas Rodrigues\/R\u00e1dio Liberdade A Faculdade UNINASSAU Caruaru est\u00e1 com inscri\u00e7\u00f5es abertas para o processo seletivo de contrata\u00e7\u00e3o de professor&hellip;<\/p>\n","protected":false},"author":1,"featured_media":0,"comment_status":"open","ping_status":"open","sticky":false,"template":"","format":"standard","meta":{"footnotes":""},"categories":[1],"tags":[2,2092,6],"class_list":["post-2018","post","type-post","status-publish","format-standard","hentry","category-sem-categoria","tag-blog-do-edvaldo-magalhaes","tag-faculdade-uninassau-caruaru-abre-selecao-para-contratacao-de-professor","tag-noticias"],"_links":{"self":[{"href":"https:\/\/blogdoedvaldomagalhaes.com.br\/index.php\/wp-json\/wp\/v2\/posts\/2018","targetHints":{"allow":["GET"]}}],"collection":[{"href":"https:\/\/blogdoedvaldomagalhaes.com.br\/index.php\/wp-json\/wp\/v2\/posts"}],"about":[{"href":"https:\/\/blogdoedvaldomagalhaes.com.br\/index.php\/wp-json\/wp\/v2\/types\/post"}],"author":[{"embeddable":true,"href":"https:\/\/blogdoedvaldomagalhaes.com.br\/index.php\/wp-json\/wp\/v2\/users\/1"}],"replies":[{"embeddable":true,"href":"https:\/\/blogdoedvaldomagalhaes.com.br\/index.php\/wp-json\/wp\/v2\/comments?post=2018"}],"version-history":[{"count":1,"href":"https:\/\/blogdoedvaldomagalhaes.com.br\/index.php\/wp-json\/wp\/v2\/posts\/2018\/revisions"}],"predecessor-version":[{"id":31943,"href":"https:\/\/blogdoedvaldomagalhaes.com.br\/index.php\/wp-json\/wp\/v2\/posts\/2018\/revisions\/31943"}],"wp:attachment":[{"href":"https:\/\/blogdoedvaldomagalhaes.com.br\/index.php\/wp-json\/wp\/v2\/media?parent=2018"}],"wp:term":[{"taxonomy":"category","embeddable":true,"href":"https:\/\/blogdoedvaldomagalhaes.com.br\/index.php\/wp-json\/wp\/v2\/categories?post=2018"},{"taxonomy":"post_tag","embeddable":true,"href":"https:\/\/blogdoedvaldomagalhaes.com.br\/index.php\/wp-json\/wp\/v2\/tags?post=2018"}],"curies":[{"name":"wp","href":"https:\/\/api.w.org\/{rel}","templated":true}]}}