{"id":2015,"date":"2018-06-19T19:27:00","date_gmt":"2018-06-19T22:27:00","guid":{"rendered":"http:\/\/blogdoedvaldomagalhaes.com.br\/index.php\/2018\/06\/19\/marilia-arraes-pt-anuncia-pre\/"},"modified":"2019-02-09T02:20:19","modified_gmt":"2019-02-09T04:20:19","slug":"marilia-arraes-pt-anuncia-pre","status":"publish","type":"post","link":"https:\/\/blogdoedvaldomagalhaes.com.br\/index.php\/2018\/06\/19\/marilia-arraes-pt-anuncia-pre\/","title":{"rendered":"Mar\u00edlia Arraes (PT) anuncia pr\u00e9-candidatura de Silvio Costa (Avante) ao Senado"},"content":{"rendered":"<div class=\"separator\" style=\"clear: both; text-align: center;\">\n<a href=\"https:\/\/4.bp.blogspot.com\/-3Qd66dbITHo\/WylXdkHZtNI\/AAAAAAAA0E0\/Jn11VRaYuHQLOlM4jEPZskSnyCJ8A_WbACLcBGAs\/s1600\/ascom.jpg\" imageanchor=\"1\" style=\"margin-left: 1em; margin-right: 1em;\"><img loading=\"lazy\" decoding=\"async\" border=\"0\" data-original-height=\"450\" data-original-width=\"700\" height=\"410\" src=\"http:\/\/blogdoedvaldomagalhaes.com.br\/wp-content\/uploads\/2018\/06\/ascom.jpg\" width=\"640\" \/><\/a><\/div>\n<div style=\"text-align: center;\">\nFoto: Arthur Marrocos \/ ASCOM Mar\u00edlia Arraes<\/div>\n<div style=\"text-align: justify;\">\nA vereadora do Recife, Mar\u00edlia Arraes (PT), pr\u00e9-candidata ao Governo de Pernambuco, anunciou na manh\u00e3 desta ter\u00e7a-feira (19) o nome do deputado federal Silvio Costa (Avante) como pr\u00e9-candidato ao Senado.<\/div>\n<div style=\"text-align: justify;\">\n<div>\n<\/div>\n<div>\nMar\u00edlia Arraes ainda n\u00e3o recebeu o apoio da executiva Nacional do PT para disputar o governo, que depende de uma alian\u00e7a nacional da sigla com o PSB, segundo a executiva nacional do Partido dos Trabalhadores. Neste caso, se o PSB apoiar Lula, o candidato do PT em Pernambuco ser\u00e1 o atual governador Paulo C\u00e2mara.<\/div>\n<div>\n<\/div>\n<div>\nA executiva estadual do Partido dos Trabalhadores afirmou em nota que, a hip\u00f3tese de coliga\u00e7\u00e3o com o Avante ou o eventual apoio ao deputado Silvio Costa para o Senado, jamais foi apresentada ou debatida na dire\u00e7\u00e3o estadual do PT, e que as decis\u00f5es partid\u00e1rias em todo o pa\u00eds s\u00f3 ser\u00e3o tomadas entre 27 e 29 de julho e frisou, portanto, at\u00e9 l\u00e1 as articula\u00e7\u00f5es da Dire\u00e7\u00e3o Nacional ser\u00e3o seguidas, objetivando construir alian\u00e7as com os partidos declarados priorit\u00e1rios pela resolu\u00e7\u00e3o da Executiva Nacional: PSB e PCdoB.<\/div>\n<\/div>\n","protected":false},"excerpt":{"rendered":"<p>Foto: Arthur Marrocos \/ ASCOM Mar\u00edlia Arraes A vereadora do Recife, Mar\u00edlia Arraes (PT), pr\u00e9-candidata ao Governo de Pernambuco, anunciou&hellip;<\/p>\n","protected":false},"author":1,"featured_media":0,"comment_status":"open","ping_status":"open","sticky":false,"template":"","format":"standard","meta":{"footnotes":""},"categories":[1],"tags":[2,2089,20],"class_list":["post-2015","post","type-post","status-publish","format-standard","hentry","category-sem-categoria","tag-blog-do-edvaldo-magalhaes","tag-marilia-arraes-pt-anuncia-pre-candidatura-de-silvio-costa-avante-ao-senado","tag-politica"],"_links":{"self":[{"href":"https:\/\/blogdoedvaldomagalhaes.com.br\/index.php\/wp-json\/wp\/v2\/posts\/2015","targetHints":{"allow":["GET"]}}],"collection":[{"href":"https:\/\/blogdoedvaldomagalhaes.com.br\/index.php\/wp-json\/wp\/v2\/posts"}],"about":[{"href":"https:\/\/blogdoedvaldomagalhaes.com.br\/index.php\/wp-json\/wp\/v2\/types\/post"}],"author":[{"embeddable":true,"href":"https:\/\/blogdoedvaldomagalhaes.com.br\/index.php\/wp-json\/wp\/v2\/users\/1"}],"replies":[{"embeddable":true,"href":"https:\/\/blogdoedvaldomagalhaes.com.br\/index.php\/wp-json\/wp\/v2\/comments?post=2015"}],"version-history":[{"count":1,"href":"https:\/\/blogdoedvaldomagalhaes.com.br\/index.php\/wp-json\/wp\/v2\/posts\/2015\/revisions"}],"predecessor-version":[{"id":31949,"href":"https:\/\/blogdoedvaldomagalhaes.com.br\/index.php\/wp-json\/wp\/v2\/posts\/2015\/revisions\/31949"}],"wp:attachment":[{"href":"https:\/\/blogdoedvaldomagalhaes.com.br\/index.php\/wp-json\/wp\/v2\/media?parent=2015"}],"wp:term":[{"taxonomy":"category","embeddable":true,"href":"https:\/\/blogdoedvaldomagalhaes.com.br\/index.php\/wp-json\/wp\/v2\/categories?post=2015"},{"taxonomy":"post_tag","embeddable":true,"href":"https:\/\/blogdoedvaldomagalhaes.com.br\/index.php\/wp-json\/wp\/v2\/tags?post=2015"}],"curies":[{"name":"wp","href":"https:\/\/api.w.org\/{rel}","templated":true}]}}