{"id":2009,"date":"2018-06-20T10:37:00","date_gmt":"2018-06-20T13:37:00","guid":{"rendered":"http:\/\/blogdoedvaldomagalhaes.com.br\/index.php\/2018\/06\/20\/adolescentes-da-funase-de-caruaru-se\/"},"modified":"2019-02-09T02:20:23","modified_gmt":"2019-02-09T04:20:23","slug":"adolescentes-da-funase-de-caruaru-se","status":"publish","type":"post","link":"https:\/\/blogdoedvaldomagalhaes.com.br\/index.php\/2018\/06\/20\/adolescentes-da-funase-de-caruaru-se\/","title":{"rendered":"Adolescentes da Funase de Caruaru se exibem em v\u00eddeo"},"content":{"rendered":"<div class=\"separator\" style=\"clear: both; text-align: center;\">\n<a href=\"https:\/\/3.bp.blogspot.com\/-lRKOas4FBMc\/WyouXRvfG6I\/AAAAAAAA0JM\/llN9scZtfTgNMCwl8p0H8FgnhWr3wfZRwCLcBGAs\/s1600\/funase.jpg\" imageanchor=\"1\" style=\"margin-left: 1em; margin-right: 1em;\"><img loading=\"lazy\" decoding=\"async\" border=\"0\" data-original-height=\"169\" data-original-width=\"300\" height=\"358\" src=\"http:\/\/blogdoedvaldomagalhaes.com.br\/wp-content\/uploads\/2018\/06\/funase-1.jpg\" width=\"640\" \/><\/a><\/div>\n<div style=\"background-color: white; box-sizing: border-box; line-height: 24px; margin-bottom: 10px; text-align: justify;\">\n<\/div>\n<div style=\"background-color: white; box-sizing: border-box; line-height: 24px; margin-bottom: 10px; text-align: justify;\">\nUm v\u00eddeo causou repercuss\u00e3o negativa em grupos de WhatsApp mostrando adolescentes se exibindo na Funda\u00e7\u00e3o de Atendimento Socioeducativo (Funase) de Caruaru. As imagens foram feitas com celular.<\/div>\n<div style=\"background-color: white; box-sizing: border-box; line-height: 24px; margin-bottom: 10px; text-align: justify;\">\nEm nota, a dire\u00e7\u00e3o da Funase informou que j\u00e1 est\u00e1 apurando as responsabilidades pela grava\u00e7\u00e3o e divulga\u00e7\u00e3o de imagens dentro do Centro de Atendimento Socioeducativo (Case), uma vez que esses aparelhos s\u00e3o itens proibidos nas unidades.<\/div>\n<div style=\"background-color: white; box-sizing: border-box; line-height: 24px; margin-bottom: 10px; text-align: justify;\">\nDe acordo com a nota, alguns socioeducandos envolvidos j\u00e1 foram identificados e ser\u00e3o submetidos \u00e0s medidas cab\u00edveis. A Funase refor\u00e7a ainda que realiza sistematicamente revistas com o intuito de coibir a entrada e perman\u00eancia, em suas instala\u00e7\u00f5es, de objetos il\u00edcitos, inclusive celulares.<\/div>\n<div style=\"background-color: white; box-sizing: border-box; line-height: 24px; margin-bottom: 10px; text-align: justify;\">\nNo Case Caruaru, em maio, uma varredura foi feita pela equipe da institui\u00e7\u00e3o, com apoio do 1\u00ba Batalh\u00e3o Integrado Especializado (BIEsp). A opera\u00e7\u00e3o apreendeu cinco celulares.<\/div>\n<div style=\"background-color: white; box-sizing: border-box; line-height: 24px; margin-bottom: 10px; text-align: justify;\">\nA Funase tamb\u00e9m ressalta que est\u00e1 adotando outras a\u00e7\u00f5es para refor\u00e7ar a seguran\u00e7a, como a capacita\u00e7\u00e3o de agentes socioeducativos e investiga\u00e7\u00f5es profundas sobre a proced\u00eancia e o uso dos itens proibidos achados durante as revistas.<\/div>\n","protected":false},"excerpt":{"rendered":"<p>Um v\u00eddeo causou repercuss\u00e3o negativa em grupos de WhatsApp mostrando adolescentes se exibindo na Funda\u00e7\u00e3o de Atendimento Socioeducativo (Funase) de&hellip;<\/p>\n","protected":false},"author":1,"featured_media":0,"comment_status":"open","ping_status":"open","sticky":false,"template":"","format":"standard","meta":{"footnotes":""},"categories":[1],"tags":[2082,2,13],"class_list":["post-2009","post","type-post","status-publish","format-standard","hentry","category-sem-categoria","tag-adolescentes-da-funase-de-caruaru-se-exibem-em-video","tag-blog-do-edvaldo-magalhaes","tag-policial"],"_links":{"self":[{"href":"https:\/\/blogdoedvaldomagalhaes.com.br\/index.php\/wp-json\/wp\/v2\/posts\/2009","targetHints":{"allow":["GET"]}}],"collection":[{"href":"https:\/\/blogdoedvaldomagalhaes.com.br\/index.php\/wp-json\/wp\/v2\/posts"}],"about":[{"href":"https:\/\/blogdoedvaldomagalhaes.com.br\/index.php\/wp-json\/wp\/v2\/types\/post"}],"author":[{"embeddable":true,"href":"https:\/\/blogdoedvaldomagalhaes.com.br\/index.php\/wp-json\/wp\/v2\/users\/1"}],"replies":[{"embeddable":true,"href":"https:\/\/blogdoedvaldomagalhaes.com.br\/index.php\/wp-json\/wp\/v2\/comments?post=2009"}],"version-history":[{"count":1,"href":"https:\/\/blogdoedvaldomagalhaes.com.br\/index.php\/wp-json\/wp\/v2\/posts\/2009\/revisions"}],"predecessor-version":[{"id":31970,"href":"https:\/\/blogdoedvaldomagalhaes.com.br\/index.php\/wp-json\/wp\/v2\/posts\/2009\/revisions\/31970"}],"wp:attachment":[{"href":"https:\/\/blogdoedvaldomagalhaes.com.br\/index.php\/wp-json\/wp\/v2\/media?parent=2009"}],"wp:term":[{"taxonomy":"category","embeddable":true,"href":"https:\/\/blogdoedvaldomagalhaes.com.br\/index.php\/wp-json\/wp\/v2\/categories?post=2009"},{"taxonomy":"post_tag","embeddable":true,"href":"https:\/\/blogdoedvaldomagalhaes.com.br\/index.php\/wp-json\/wp\/v2\/tags?post=2009"}],"curies":[{"name":"wp","href":"https:\/\/api.w.org\/{rel}","templated":true}]}}