{"id":2007,"date":"2018-06-20T12:31:00","date_gmt":"2018-06-20T15:31:00","guid":{"rendered":"http:\/\/blogdoedvaldomagalhaes.com.br\/index.php\/2018\/06\/20\/recomendacao-do-sindloja-sobre-abertura\/"},"modified":"2019-02-09T02:20:27","modified_gmt":"2019-02-09T04:20:27","slug":"recomendacao-do-sindloja-sobre-abertura","status":"publish","type":"post","link":"https:\/\/blogdoedvaldomagalhaes.com.br\/index.php\/2018\/06\/20\/recomendacao-do-sindloja-sobre-abertura\/","title":{"rendered":"Recomenda\u00e7\u00e3o do Sindloja sobre abertura do com\u00e9rcio nos dias de jogos Brasil"},"content":{"rendered":"<div class=\"separator\" style=\"clear: both; text-align: center;\">\n<a href=\"https:\/\/2.bp.blogspot.com\/-IanrOX7ZUcc\/WypIBmJ_LBI\/AAAAAAAA0Jk\/ZWgPfZguakANZO46eMyArAmZyTSUWp2oQCLcBGAs\/s1600\/IMG-20180620-WA0048.jpg\" imageanchor=\"1\" style=\"margin-left: 1em; margin-right: 1em;\"><img loading=\"lazy\" decoding=\"async\" border=\"0\" data-original-height=\"287\" data-original-width=\"511\" height=\"358\" src=\"http:\/\/blogdoedvaldomagalhaes.com.br\/wp-content\/uploads\/2018\/06\/IMG-20180620-WA0048.jpg\" width=\"640\" \/><\/a><\/div>\n<div class=\"separator\" style=\"clear: both; text-align: center;\">\nFoto: R\u00e1dio Liberdade&nbsp;<\/div>\n<p><\/p>\n<div style=\"text-align: justify;\">\nO Sindloja, atrav\u00e9s do presidente em exerc\u00edcio Marc\u00edlio Sales, recomenda aos lojistas como deve ser o hor\u00e1rio de funcionamento do com\u00e9rcio nos dias de jogos do Brasil.<\/div>\n<div style=\"text-align: justify;\">\n<\/div>\n<div style=\"text-align: justify;\">\nNesta sexta-feira, os estabelecimentos dever\u00e3o abrir \u00e0s 11h30, permanecendo abertos at\u00e9 18h30. Nos jogos das 15h, o com\u00e9rcio funcionar\u00e1 at\u00e9 14h30.<\/div>\n<div style=\"text-align: justify;\">\n<\/div>\n<div style=\"text-align: justify;\">\nCaso existam jogos \u00e0s 11h, o com\u00e9rcio interromper\u00e1 o expediente das 10h30<\/div>\n<div style=\"text-align: justify;\">\n\u00e0s 13h30.<\/div>\n<div style=\"text-align: justify;\">\n<\/div>\n<div style=\"text-align: justify;\">\n\u00c9 importante frisar que n\u00e3o existe cl\u00e1usula na Conven\u00e7\u00e3o Coletiva de Trabalho (CCT) da categoria que trate sobre os jogos da copa, por isso cabe ao lojista seguir ou n\u00e3o a recomenda\u00e7\u00e3o, j\u00e1 que n\u00e3o h\u00e1 impedimento que a empresa funcione no hor\u00e1rio da partida.<\/div>\n","protected":false},"excerpt":{"rendered":"<p>Foto: R\u00e1dio Liberdade&nbsp; O Sindloja, atrav\u00e9s do presidente em exerc\u00edcio Marc\u00edlio Sales, recomenda aos lojistas como deve ser o hor\u00e1rio&hellip;<\/p>\n","protected":false},"author":1,"featured_media":0,"comment_status":"open","ping_status":"open","sticky":false,"template":"","format":"standard","meta":{"footnotes":""},"categories":[1],"tags":[2,6],"class_list":["post-2007","post","type-post","status-publish","format-standard","hentry","category-sem-categoria","tag-blog-do-edvaldo-magalhaes","tag-noticias"],"_links":{"self":[{"href":"https:\/\/blogdoedvaldomagalhaes.com.br\/index.php\/wp-json\/wp\/v2\/posts\/2007","targetHints":{"allow":["GET"]}}],"collection":[{"href":"https:\/\/blogdoedvaldomagalhaes.com.br\/index.php\/wp-json\/wp\/v2\/posts"}],"about":[{"href":"https:\/\/blogdoedvaldomagalhaes.com.br\/index.php\/wp-json\/wp\/v2\/types\/post"}],"author":[{"embeddable":true,"href":"https:\/\/blogdoedvaldomagalhaes.com.br\/index.php\/wp-json\/wp\/v2\/users\/1"}],"replies":[{"embeddable":true,"href":"https:\/\/blogdoedvaldomagalhaes.com.br\/index.php\/wp-json\/wp\/v2\/comments?post=2007"}],"version-history":[{"count":1,"href":"https:\/\/blogdoedvaldomagalhaes.com.br\/index.php\/wp-json\/wp\/v2\/posts\/2007\/revisions"}],"predecessor-version":[{"id":31974,"href":"https:\/\/blogdoedvaldomagalhaes.com.br\/index.php\/wp-json\/wp\/v2\/posts\/2007\/revisions\/31974"}],"wp:attachment":[{"href":"https:\/\/blogdoedvaldomagalhaes.com.br\/index.php\/wp-json\/wp\/v2\/media?parent=2007"}],"wp:term":[{"taxonomy":"category","embeddable":true,"href":"https:\/\/blogdoedvaldomagalhaes.com.br\/index.php\/wp-json\/wp\/v2\/categories?post=2007"},{"taxonomy":"post_tag","embeddable":true,"href":"https:\/\/blogdoedvaldomagalhaes.com.br\/index.php\/wp-json\/wp\/v2\/tags?post=2007"}],"curies":[{"name":"wp","href":"https:\/\/api.w.org\/{rel}","templated":true}]}}