{"id":2005,"date":"2018-06-20T21:29:00","date_gmt":"2018-06-21T00:29:00","guid":{"rendered":"http:\/\/blogdoedvaldomagalhaes.com.br\/index.php\/2018\/06\/20\/confira-as-atracoes-da-noite-gospel-no\/"},"modified":"2019-02-09T02:20:28","modified_gmt":"2019-02-09T04:20:28","slug":"confira-as-atracoes-da-noite-gospel-no","status":"publish","type":"post","link":"https:\/\/blogdoedvaldomagalhaes.com.br\/index.php\/2018\/06\/20\/confira-as-atracoes-da-noite-gospel-no\/","title":{"rendered":"Confira as atra\u00e7\u00f5es da noite gospel no P\u00e1tio de Eventos de Caruaru"},"content":{"rendered":"<div class=\"separator\" style=\"clear: both; text-align: center;\">\n<a href=\"https:\/\/1.bp.blogspot.com\/-1UMfOCCM4wo\/WyrGNKagb5I\/AAAAAAAA0MI\/tq4Y_e5pBucNVym21sgBHd62zuFygcpuwCLcBGAs\/s1600\/IMG-20180620-WA0161.jpg\" imageanchor=\"1\" style=\"margin-left: 1em; margin-right: 1em;\"><img loading=\"lazy\" decoding=\"async\" border=\"0\" data-original-height=\"400\" data-original-width=\"640\" height=\"400\" src=\"http:\/\/blogdoedvaldomagalhaes.com.br\/wp-content\/uploads\/2018\/06\/IMG-20180620-WA0161.jpg\" width=\"640\" \/><\/a><\/div>\n<p><\/p>\n<div class=\"separator\" style=\"clear: both; text-align: center;\">\n<a href=\"https:\/\/1.bp.blogspot.com\/-cLKG9i0jxI8\/WyrGP1jQPtI\/AAAAAAAA0MM\/hY4xPxSpJFcu-71xUquISSy8sx_yCaB4wCLcBGAs\/s1600\/IMG-20180620-WA0160.jpg\" imageanchor=\"1\" style=\"margin-left: 1em; margin-right: 1em;\"><img loading=\"lazy\" decoding=\"async\" border=\"0\" data-original-height=\"360\" data-original-width=\"640\" height=\"360\" src=\"http:\/\/blogdoedvaldomagalhaes.com.br\/wp-content\/uploads\/2018\/06\/IMG-20180620-WA0160.jpg\" width=\"640\" \/><\/a><\/div>\n<p><\/p>\n<blockquote class=\"tr_bq\">\n<div style=\"text-align: justify;\">\nA noite gospel nos festejos juninos de Caruaru ocorrer\u00e1 na ter\u00e7a-feira (26) a partir das 19h. Com o tema &#8220;Caruaru pela Unidade&#8221;, o encontro dever\u00e1 reunir milhares de crist\u00e3os no P\u00e1tio de Eventos Luiz Gonzaga, na chamada Capital do Forr\u00f3. A programa\u00e7\u00e3o ser\u00e1 marcada por m\u00fasicas que exaltam a rela\u00e7\u00e3o do ser humano com Deus e com o seu pr\u00f3ximo, estimulando a plateia a desenvolver um estilo de vida baseado no amor fraternal. No tocante aos cantores regionais, o evento contar\u00e1 com a participa\u00e7\u00e3o do forrozeiro Erasmo Miguel, al\u00e9m de Fernando J\u00fanior e dos minist\u00e9rios de louvor Encontro das \u00c1guas e YMB. A organiza\u00e7\u00e3o \u00e9 por conta da Associa\u00e7\u00e3o dos Pastores de Caruaru.&nbsp;<\/div>\n<\/blockquote>\n<p>\n&nbsp; &nbsp; &nbsp;Informa\u00e7\u00f5es de Paulo Nailson.&nbsp;<\/p>\n","protected":false},"excerpt":{"rendered":"<p>A noite gospel nos festejos juninos de Caruaru ocorrer\u00e1 na ter\u00e7a-feira (26) a partir das 19h. Com o tema &#8220;Caruaru&hellip;<\/p>\n","protected":false},"author":1,"featured_media":0,"comment_status":"open","ping_status":"open","sticky":false,"template":"","format":"standard","meta":{"footnotes":""},"categories":[1],"tags":[2,6],"class_list":["post-2005","post","type-post","status-publish","format-standard","hentry","category-sem-categoria","tag-blog-do-edvaldo-magalhaes","tag-noticias"],"_links":{"self":[{"href":"https:\/\/blogdoedvaldomagalhaes.com.br\/index.php\/wp-json\/wp\/v2\/posts\/2005","targetHints":{"allow":["GET"]}}],"collection":[{"href":"https:\/\/blogdoedvaldomagalhaes.com.br\/index.php\/wp-json\/wp\/v2\/posts"}],"about":[{"href":"https:\/\/blogdoedvaldomagalhaes.com.br\/index.php\/wp-json\/wp\/v2\/types\/post"}],"author":[{"embeddable":true,"href":"https:\/\/blogdoedvaldomagalhaes.com.br\/index.php\/wp-json\/wp\/v2\/users\/1"}],"replies":[{"embeddable":true,"href":"https:\/\/blogdoedvaldomagalhaes.com.br\/index.php\/wp-json\/wp\/v2\/comments?post=2005"}],"version-history":[{"count":1,"href":"https:\/\/blogdoedvaldomagalhaes.com.br\/index.php\/wp-json\/wp\/v2\/posts\/2005\/revisions"}],"predecessor-version":[{"id":31982,"href":"https:\/\/blogdoedvaldomagalhaes.com.br\/index.php\/wp-json\/wp\/v2\/posts\/2005\/revisions\/31982"}],"wp:attachment":[{"href":"https:\/\/blogdoedvaldomagalhaes.com.br\/index.php\/wp-json\/wp\/v2\/media?parent=2005"}],"wp:term":[{"taxonomy":"category","embeddable":true,"href":"https:\/\/blogdoedvaldomagalhaes.com.br\/index.php\/wp-json\/wp\/v2\/categories?post=2005"},{"taxonomy":"post_tag","embeddable":true,"href":"https:\/\/blogdoedvaldomagalhaes.com.br\/index.php\/wp-json\/wp\/v2\/tags?post=2005"}],"curies":[{"name":"wp","href":"https:\/\/api.w.org\/{rel}","templated":true}]}}