{"id":1990,"date":"2018-06-21T15:08:00","date_gmt":"2018-06-21T18:08:00","guid":{"rendered":"http:\/\/blogdoedvaldomagalhaes.com.br\/index.php\/2018\/06\/21\/confira-programacao-das-comidas\/"},"modified":"2019-02-09T02:20:47","modified_gmt":"2019-02-09T04:20:47","slug":"confira-programacao-das-comidas","status":"publish","type":"post","link":"https:\/\/blogdoedvaldomagalhaes.com.br\/index.php\/2018\/06\/21\/confira-programacao-das-comidas\/","title":{"rendered":"Confira a programa\u00e7\u00e3o das Comidas Gigantes de Caruaru desta semana"},"content":{"rendered":"<div class=\"separator\" style=\"clear: both; text-align: center;\">\n<a href=\"https:\/\/4.bp.blogspot.com\/-6xzJSuk7njE\/Wyu_OYNW_3I\/AAAAAAAA0SM\/SQbGiRgzxPQAEMmRpqdk_GFGVkDH8GcbwCLcBGAs\/s1600\/bolo.jpg\" imageanchor=\"1\" style=\"margin-left: 1em; margin-right: 1em;\"><img loading=\"lazy\" decoding=\"async\" border=\"0\" data-original-height=\"427\" data-original-width=\"640\" height=\"426\" src=\"http:\/\/blogdoedvaldomagalhaes.com.br\/wp-content\/uploads\/2018\/06\/bolo.jpg\" width=\"640\" \/><\/a><\/div>\n<div class=\"separator\" style=\"clear: both; text-align: center;\">\nFoto: Jorge Farias\/Divulga\u00e7\u00e3o<\/div>\n<div style=\"text-align: justify;\">\n<\/div>\n<div style=\"text-align: justify;\">\nOs moradores do bairro Cidade Jardim, em Caruaru, ir\u00e3o desfrutar do Maior Bolo de Saia do Mundo, na noite desta quinta-feira (21). O evento, que acontece h\u00e1 7 anos, ser\u00e1 animado por shows e atra\u00e7\u00f5es musicais com trio el\u00e9trico.<\/p>\n<\/div>\n<div style=\"text-align: justify;\">\n<div class=\"separator\" style=\"clear: both; text-align: center;\">\n<a href=\"https:\/\/3.bp.blogspot.com\/-W1uOrpZ5XKg\/Wyu_n5wZNhI\/AAAAAAAA0SU\/6CfRqEhxz68kT4Sf4GjP8GbSUyXNPc6GACLcBGAs\/s1600\/saia.jpg\" imageanchor=\"1\" style=\"margin-left: 1em; margin-right: 1em;\"><img loading=\"lazy\" decoding=\"async\" border=\"0\" data-original-height=\"320\" data-original-width=\"640\" height=\"320\" src=\"http:\/\/blogdoedvaldomagalhaes.com.br\/wp-content\/uploads\/2018\/06\/saia.jpg\" width=\"640\" \/><\/a><\/div>\n<p><\/div>\n<div style=\"text-align: justify;\">\nNesta sexta (22) acontece o Arraial do Bolo Barra Branca ano 02, na rua Deputado Torres Galv\u00e3o, bairro do Salgado, a partir das 16h. Este \u00e9 o segundo ano do evento, que ter\u00e1 anima\u00e7\u00e3o de trio p\u00e9-de-serra e apresenta\u00e7\u00e3o de quadrilha. Ser\u00e3o distribu\u00eddos 70 quilos de bolo.<\/p>\n<\/div>\n<div style=\"text-align: justify;\">\n<div class=\"separator\" style=\"clear: both; text-align: center;\">\n<a href=\"https:\/\/2.bp.blogspot.com\/-zsNtlcaAk8E\/WyvBf5EBbvI\/AAAAAAAA0Sg\/PElhymo-RJI6rrtWYp3gBJ3fQKSxF4bHwCLcBGAs\/s1600\/barra%2Bbranca.jpg\" imageanchor=\"1\" style=\"margin-left: 1em; margin-right: 1em;\"><img loading=\"lazy\" decoding=\"async\" border=\"0\" data-original-height=\"225\" data-original-width=\"400\" height=\"360\" src=\"http:\/\/blogdoedvaldomagalhaes.com.br\/wp-content\/uploads\/2018\/06\/barrabranca.jpg\" width=\"640\" \/><\/a><\/div>\n<p><\/div>\n<div style=\"text-align: justify;\">\nNo S\u00e1bado (23), ser\u00e1 realizada a Mesa Junina, a partir das 18h, na Vila de Lajes, zona rural de Caruaru. O evento \u00e9 organizado pelo vereador Galego de Lajes e ter\u00e1 v\u00e1rias atra\u00e7\u00f5es.<\/p>\n<\/div>\n<div style=\"text-align: justify;\">\n<div class=\"separator\" style=\"clear: both; text-align: center;\">\n<a href=\"https:\/\/2.bp.blogspot.com\/-U5oChlKXGI0\/WyvBxwtkxjI\/AAAAAAAA0So\/MiefaA8Q8IQfdogIloIWDyhoiFx2zmmNACLcBGAs\/s1600\/mesa.jpg\" imageanchor=\"1\" style=\"margin-left: 1em; margin-right: 1em;\"><img loading=\"lazy\" decoding=\"async\" border=\"0\" data-original-height=\"400\" data-original-width=\"260\" height=\"640\" src=\"http:\/\/blogdoedvaldomagalhaes.com.br\/wp-content\/uploads\/2018\/06\/mesa.jpg\" width=\"412\" \/><\/a><\/div>\n<p><\/div>\n<div style=\"text-align: justify;\">\nNo domingo (24), ser\u00e3o realizadas tr\u00eas festas de comidas gigantes. No Residencial Luiz Bezerra Torres, acontece a festa do Beiju, a partir das 15h.<\/p>\n<p><\/p>\n<div class=\"separator\" style=\"clear: both; text-align: center;\">\n<a href=\"https:\/\/1.bp.blogspot.com\/-p3svK6plWzc\/WyvC_fF5VgI\/AAAAAAAA0S0\/qzux3yTcnqQw-kuupiueFaivbNyWcrlrACLcBGAs\/s1600\/beiju.jpg\" imageanchor=\"1\" style=\"margin-left: 1em; margin-right: 1em;\"><img loading=\"lazy\" decoding=\"async\" border=\"0\" data-original-height=\"300\" data-original-width=\"400\" height=\"480\" src=\"http:\/\/blogdoedvaldomagalhaes.com.br\/wp-content\/uploads\/2018\/06\/beiju.jpg\" width=\"640\" \/><\/a><\/div>\n<p>\nNo domingo (24), na rua Ant\u00f4nio Menino, bairro Divin\u00f3polis, Broa de Milho, \u00e0s 20h.<\/p>\n<p><\/p>\n<div class=\"separator\" style=\"clear: both; text-align: center;\">\n<a href=\"https:\/\/2.bp.blogspot.com\/-WwTOf8S-7WM\/WyvEKeTDETI\/AAAAAAAA0TA\/oa7cLAobd6sKj3h4lBEeWpP190jpMm0LQCLcBGAs\/s1600\/broa%255B.jpg\" imageanchor=\"1\" style=\"margin-left: 1em; margin-right: 1em;\"><img loading=\"lazy\" decoding=\"async\" border=\"0\" data-original-height=\"640\" data-original-width=\"960\" height=\"426\" src=\"http:\/\/blogdoedvaldomagalhaes.com.br\/wp-content\/uploads\/2018\/06\/broa5B.jpg\" width=\"640\" \/><\/a><\/div>\n<p>\nNo bairro Santa Rosa, no pr\u00f3ximo domingo (24) ser\u00e1 realizada a festa do Maior Cozido de Milho do Mundo, a partir das 15h.<\/p>\n<p><\/p>\n<div class=\"separator\" style=\"clear: both; text-align: center;\">\n<a href=\"https:\/\/4.bp.blogspot.com\/-9rccoak8b4s\/WyvFqN1-1PI\/AAAAAAAA0TM\/F9Dh-YxIYv8B_YB_KXkPgM_jSSD2C5rCACLcBGAs\/s1600\/essa.jpg\" imageanchor=\"1\" style=\"margin-left: 1em; margin-right: 1em;\"><img loading=\"lazy\" decoding=\"async\" border=\"0\" data-original-height=\"500\" data-original-width=\"752\" height=\"424\" src=\"http:\/\/blogdoedvaldomagalhaes.com.br\/wp-content\/uploads\/2018\/06\/essa-1.jpg\" width=\"640\" \/><\/a><\/div>\n<p><\/div>\n","protected":false},"excerpt":{"rendered":"<p>Foto: Jorge Farias\/Divulga\u00e7\u00e3o Os moradores do bairro Cidade Jardim, em Caruaru, ir\u00e3o desfrutar do Maior Bolo de Saia do Mundo,&hellip;<\/p>\n","protected":false},"author":1,"featured_media":0,"comment_status":"open","ping_status":"open","sticky":false,"template":"","format":"standard","meta":{"footnotes":""},"categories":[1],"tags":[2,2060,6],"class_list":["post-1990","post","type-post","status-publish","format-standard","hentry","category-sem-categoria","tag-blog-do-edvaldo-magalhaes","tag-confira-a-programacao-das-comidas-gigantes-de-caruaru-desta-semana","tag-noticias"],"_links":{"self":[{"href":"https:\/\/blogdoedvaldomagalhaes.com.br\/index.php\/wp-json\/wp\/v2\/posts\/1990","targetHints":{"allow":["GET"]}}],"collection":[{"href":"https:\/\/blogdoedvaldomagalhaes.com.br\/index.php\/wp-json\/wp\/v2\/posts"}],"about":[{"href":"https:\/\/blogdoedvaldomagalhaes.com.br\/index.php\/wp-json\/wp\/v2\/types\/post"}],"author":[{"embeddable":true,"href":"https:\/\/blogdoedvaldomagalhaes.com.br\/index.php\/wp-json\/wp\/v2\/users\/1"}],"replies":[{"embeddable":true,"href":"https:\/\/blogdoedvaldomagalhaes.com.br\/index.php\/wp-json\/wp\/v2\/comments?post=1990"}],"version-history":[{"count":1,"href":"https:\/\/blogdoedvaldomagalhaes.com.br\/index.php\/wp-json\/wp\/v2\/posts\/1990\/revisions"}],"predecessor-version":[{"id":32035,"href":"https:\/\/blogdoedvaldomagalhaes.com.br\/index.php\/wp-json\/wp\/v2\/posts\/1990\/revisions\/32035"}],"wp:attachment":[{"href":"https:\/\/blogdoedvaldomagalhaes.com.br\/index.php\/wp-json\/wp\/v2\/media?parent=1990"}],"wp:term":[{"taxonomy":"category","embeddable":true,"href":"https:\/\/blogdoedvaldomagalhaes.com.br\/index.php\/wp-json\/wp\/v2\/categories?post=1990"},{"taxonomy":"post_tag","embeddable":true,"href":"https:\/\/blogdoedvaldomagalhaes.com.br\/index.php\/wp-json\/wp\/v2\/tags?post=1990"}],"curies":[{"name":"wp","href":"https:\/\/api.w.org\/{rel}","templated":true}]}}