{"id":1989,"date":"2018-06-21T20:28:00","date_gmt":"2018-06-21T23:28:00","guid":{"rendered":"http:\/\/blogdoedvaldomagalhaes.com.br\/index.php\/2018\/06\/21\/confira-os-caches-dos-artistas\/"},"modified":"2019-02-09T02:20:48","modified_gmt":"2019-02-09T04:20:48","slug":"confira-os-caches-dos-artistas","status":"publish","type":"post","link":"https:\/\/blogdoedvaldomagalhaes.com.br\/index.php\/2018\/06\/21\/confira-os-caches-dos-artistas\/","title":{"rendered":"Confira os cach\u00eas dos artistas contratados para o S\u00e3o Jo\u00e3o 2018 de Caruaru"},"content":{"rendered":"<div class=\"separator\" style=\"clear: both; text-align: center;\">\n<a href=\"https:\/\/3.bp.blogspot.com\/-ay72CBEu9z4\/WywJ1Ss3xsI\/AAAAAAAA0Tk\/Rv3VHSFC8Qcn3bbYTbxnjYP9BX79VUIEwCLcBGAs\/s1600\/1.jpg\" imageanchor=\"1\" style=\"margin-left: 1em; margin-right: 1em;\"><img loading=\"lazy\" decoding=\"async\" border=\"0\" data-original-height=\"426\" data-original-width=\"640\" height=\"426\" src=\"http:\/\/blogdoedvaldomagalhaes.com.br\/wp-content\/uploads\/2018\/06\/1-20.jpg\" width=\"640\" \/><\/a><\/div>\n<p><\/p>\n<div style=\"text-align: justify;\">\nOs valores foram publicados no Di\u00e1rio Oficial de Caruaru, dos artistas que se apresentaram no S\u00e3o Jo\u00e3o 2018 de Caruaru e j\u00e1 receberam. Confira abaixo:<\/div>\n<p><\/p>\n<div style=\"text-align: justify;\">\n<\/div>\n<div style=\"text-align: justify;\">\nWesley Safad\u00e3o \u2013 R$ 300.000,00. A prefeita Raquel Lyra (PSDB), foi entrevistada &nbsp;pela R\u00e1dio Liberdade, e afirmou que o cach\u00ea de R$ 300 mil foi pago pela prefeitura, por\u00e9m, Wesley Safad\u00e3o conseguiu um patroc\u00ednio que completou o restante do cach\u00ea que ele queria, mas a gestora n\u00e3o soubesse precisar o valor pago pelo referido patrocinador.&nbsp;<\/div>\n<div style=\"text-align: justify;\">\n<\/div>\n<div style=\"text-align: justify;\">\nLuan Santana \u2013 R$ 260.000,00<\/div>\n<div style=\"text-align: justify;\">\n<\/div>\n<div style=\"text-align: justify;\">\nAvi\u00f5es do Forr\u00f3 \u2013 R$ 260.000,00<\/div>\n<div style=\"text-align: justify;\">\n<\/div>\n<div style=\"text-align: justify;\">\nDJ Alok \u2013 R$ 230.000,00<\/div>\n<div style=\"text-align: justify;\">\n<\/div>\n<div style=\"text-align: justify;\">\nElba Ramalho \u2013 R$ 175.000,00<\/div>\n<div style=\"text-align: justify;\">\n<\/div>\n<div style=\"text-align: justify;\">\nFl\u00e1vio Jos\u00e9 \u2013 R$ 100.000,00<\/div>\n<div style=\"text-align: justify;\">\n<\/div>\n<p>Lucy Alves \u2013 R$ 95.000,00<\/p>\n<p>Gabriel Diniz \u2013 R$ 90.000,00<\/p>\n<p>Israel Novaes \u2013 R$ 90.000,00<\/p>\n<p>Cantor Geraldo Azevedo \u2013 R$ 90.000,00<\/p>\n<p>Alcymar Monteiro \u2013 R$ 85.000,00<\/p>\n<p>Jonas Esticado \u2013 R$ 80.000,00<\/p>\n<p>Tyrone \u2013 R$ 75.000,00<\/p>\n<p>Ful\u00f4 de Mandacaru \u2013 R$ 70.000,00<\/p>\n<p>Jorge de Altinho \u2013 R$ 70.000,00<\/p>\n<p>Banda Magn\u00edficos \u2013 R$ 70.000,00<\/p>\n<p>Santanna \u2013 R$ 65.000,00<\/p>\n<p>Avine Vinny \u2013 R$ 60.000,00<\/p>\n<p>Gustavo Mioto \u2013 R$ 60.000,00<\/p>\n<p>Batista Lima \u2013 R$ 60.000,00<\/p>\n<p>Maestro Mozart Vieira, Orquestra de P\u00edfanos de Caruaru \u2013 R$ 51.000,00<\/p>\n<p>Cavaleiros do Forr\u00f3 \u2013 R$ 50.000,00<\/p>\n<p>Chambinho do Acordeon \u2013 R$ 45.000,00<\/p>\n<p>Adelm\u00e1rio Coelho \u2013 R$ 45.000,00<\/p>\n<p>Luan Estilizado \u2013 R$ 45.000,00<\/p>\n<p>Capim com Mel \u2013 R$ 40.000,00<\/p>\n<p>Novinho da Para\u00edba \u2013 R$ 40.000,00<\/p>\n<p>Geraldinho Lins \u2013 R$ 40.000,00<\/p>\n<p>Calango aceso \u2013 &nbsp;R$ 35.000,00<\/p>\n<p>Thiago Brado \u2013 R$ 28.000,00<\/p>\n<p>Gleydson e Henricky \u2013 R$ 25.000,00<\/p>\n<p>Geraldo Cardoso \u2013 R$ 25.000,00<\/p>\n<p>Azul\u00e3o \u2013 R$ 25.000,00<\/p>\n<p>Josildo S\u00e1 \u2013 R$ 20.000,00<\/p>\n<p>Lula Queiroga \u2013 R$ 20.000,00<\/p>\n<p>Uptown Blues Band &amp; Liv Moraes \u2013 R$ 20.000,00<\/p>\n<p>Lia de Carvalho e Banda \u2013 R$ 20.000,00<\/p>\n<p>Caruforr\u00f3 \u2013 R$ 15.000,00<\/p>\n<p>Didi de Caruaru \u2013 R$ 12.000,00<\/p>\n","protected":false},"excerpt":{"rendered":"<p>Os valores foram publicados no Di\u00e1rio Oficial de Caruaru, dos artistas que se apresentaram no S\u00e3o Jo\u00e3o 2018 de Caruaru&hellip;<\/p>\n","protected":false},"author":1,"featured_media":0,"comment_status":"open","ping_status":"open","sticky":false,"template":"","format":"standard","meta":{"footnotes":""},"categories":[1],"tags":[2,2059,6],"class_list":["post-1989","post","type-post","status-publish","format-standard","hentry","category-sem-categoria","tag-blog-do-edvaldo-magalhaes","tag-confira-os-caches-dos-artistas-contratados-para-o-sao-joao-2018-de-caruaru","tag-noticias"],"_links":{"self":[{"href":"https:\/\/blogdoedvaldomagalhaes.com.br\/index.php\/wp-json\/wp\/v2\/posts\/1989","targetHints":{"allow":["GET"]}}],"collection":[{"href":"https:\/\/blogdoedvaldomagalhaes.com.br\/index.php\/wp-json\/wp\/v2\/posts"}],"about":[{"href":"https:\/\/blogdoedvaldomagalhaes.com.br\/index.php\/wp-json\/wp\/v2\/types\/post"}],"author":[{"embeddable":true,"href":"https:\/\/blogdoedvaldomagalhaes.com.br\/index.php\/wp-json\/wp\/v2\/users\/1"}],"replies":[{"embeddable":true,"href":"https:\/\/blogdoedvaldomagalhaes.com.br\/index.php\/wp-json\/wp\/v2\/comments?post=1989"}],"version-history":[{"count":1,"href":"https:\/\/blogdoedvaldomagalhaes.com.br\/index.php\/wp-json\/wp\/v2\/posts\/1989\/revisions"}],"predecessor-version":[{"id":32037,"href":"https:\/\/blogdoedvaldomagalhaes.com.br\/index.php\/wp-json\/wp\/v2\/posts\/1989\/revisions\/32037"}],"wp:attachment":[{"href":"https:\/\/blogdoedvaldomagalhaes.com.br\/index.php\/wp-json\/wp\/v2\/media?parent=1989"}],"wp:term":[{"taxonomy":"category","embeddable":true,"href":"https:\/\/blogdoedvaldomagalhaes.com.br\/index.php\/wp-json\/wp\/v2\/categories?post=1989"},{"taxonomy":"post_tag","embeddable":true,"href":"https:\/\/blogdoedvaldomagalhaes.com.br\/index.php\/wp-json\/wp\/v2\/tags?post=1989"}],"curies":[{"name":"wp","href":"https:\/\/api.w.org\/{rel}","templated":true}]}}