{"id":1988,"date":"2018-06-22T04:13:00","date_gmt":"2018-06-22T07:13:00","guid":{"rendered":"http:\/\/blogdoedvaldomagalhaes.com.br\/index.php\/2018\/06\/22\/governo-do-estado-libera-r-33-milhoes\/"},"modified":"2019-02-09T02:20:48","modified_gmt":"2019-02-09T04:20:48","slug":"governo-do-estado-libera-r-33-milhoes","status":"publish","type":"post","link":"https:\/\/blogdoedvaldomagalhaes.com.br\/index.php\/2018\/06\/22\/governo-do-estado-libera-r-33-milhoes\/","title":{"rendered":"Governo do Estado libera R 3,3 milh\u00f5es para o S\u00e3o Jo\u00e3o de Caruaru"},"content":{"rendered":"<div class=\"separator\" style=\"clear: both; text-align: center;\">\n<a href=\"https:\/\/4.bp.blogspot.com\/-0BK9lHyRMUA\/Wyx2-XouqII\/AAAAAAAA0UY\/ubvdkiynRBEv8uPL8nRqdqeVrJwxqoT_wCLcBGAs\/s1600\/verba.jpg\" imageanchor=\"1\" style=\"margin-left: 1em; margin-right: 1em;\"><img loading=\"lazy\" decoding=\"async\" border=\"0\" data-original-height=\"372\" data-original-width=\"618\" height=\"384\" src=\"http:\/\/blogdoedvaldomagalhaes.com.br\/wp-content\/uploads\/2018\/06\/verba.jpg\" width=\"640\" \/><\/a><\/div>\n<div class=\"separator\" style=\"clear: both; text-align: center;\">\nFoto ilustrativa<\/div>\n<div style=\"text-align: justify;\">\n<\/div>\n<div style=\"text-align: justify;\">\nNa tribuna da C\u00e2mara, nesta quinta (21), Marcelo Gomes (PSB), destacou a libera\u00e7\u00e3o de verba do Governo Estadual para apoiar o S\u00e3o Jo\u00e3o de Caruaru, num total de R$ 3,3 milh\u00f5es. O socialista divulgou o documento cont\u00e1bil da quita\u00e7\u00e3o de R$ 2,5 milh\u00f5es que dever\u00e3o ser lan\u00e7ados na conta banc\u00e1ria da Prefeitura nesta sexta-feira (22).<\/div>\n<div style=\"text-align: justify;\">\n<\/div>\n<div class=\"separator\" style=\"clear: both; text-align: center;\">\n<a href=\"https:\/\/3.bp.blogspot.com\/-8tj6ODgg39c\/Wyx135kaZjI\/AAAAAAAA0UQ\/9yKv8vLCZywCIi4oCqxHnrjk4TYzuTaPwCEwYBhgL\/s1600\/marcelo.jpeg\" imageanchor=\"1\" style=\"margin-left: 1em; margin-right: 1em;\"><img loading=\"lazy\" decoding=\"async\" border=\"0\" data-original-height=\"900\" data-original-width=\"1280\" height=\"450\" src=\"http:\/\/blogdoedvaldomagalhaes.com.br\/wp-content\/uploads\/2018\/06\/marcelo.jpeg\" width=\"640\" \/><\/a><\/div>\n<div style=\"text-align: justify;\">\n<\/div>\n<div style=\"text-align: justify;\">\n\u201cPaulo C\u00e2mara al\u00e9m de honrar a palavra com Caruaru, vai dar uma ajuda complementar de R$ 800 mil a ser paga em breve. A Prefeitura vai ter, ao todo, R$ 3,3 milh\u00f5es como aporte financeiro. Em contato com o governador, no recente encontro de vereadores do PSB, ele nos adiantou a disposi\u00e7\u00e3o de fazer um esfor\u00e7o para ajudar o S\u00e3o Jo\u00e3o de Caruaru, mesmo sabendo que, este ano, a Prefeitura conseguiu expressivos aportes de patroc\u00ednios estando em condi\u00e7\u00f5es de bancar o or\u00e7amento da nossa maior festa popular em 2018\u201d, informou Marcelo Gomes.<\/div>\n","protected":false},"excerpt":{"rendered":"<p>Foto ilustrativa Na tribuna da C\u00e2mara, nesta quinta (21), Marcelo Gomes (PSB), destacou a libera\u00e7\u00e3o de verba do Governo Estadual&hellip;<\/p>\n","protected":false},"author":1,"featured_media":0,"comment_status":"open","ping_status":"open","sticky":false,"template":"","format":"standard","meta":{"footnotes":""},"categories":[1],"tags":[2057,2,2058,379,999,20],"class_list":["post-1988","post","type-post","status-publish","format-standard","hentry","category-sem-categoria","tag-3-milhoes-para-o-sao-joao-de-caruaru","tag-blog-do-edvaldo-magalhaes","tag-governo-do-estado-libera-r-3","tag-marcelo-gomes","tag-paulo-camara","tag-politica"],"_links":{"self":[{"href":"https:\/\/blogdoedvaldomagalhaes.com.br\/index.php\/wp-json\/wp\/v2\/posts\/1988","targetHints":{"allow":["GET"]}}],"collection":[{"href":"https:\/\/blogdoedvaldomagalhaes.com.br\/index.php\/wp-json\/wp\/v2\/posts"}],"about":[{"href":"https:\/\/blogdoedvaldomagalhaes.com.br\/index.php\/wp-json\/wp\/v2\/types\/post"}],"author":[{"embeddable":true,"href":"https:\/\/blogdoedvaldomagalhaes.com.br\/index.php\/wp-json\/wp\/v2\/users\/1"}],"replies":[{"embeddable":true,"href":"https:\/\/blogdoedvaldomagalhaes.com.br\/index.php\/wp-json\/wp\/v2\/comments?post=1988"}],"version-history":[{"count":1,"href":"https:\/\/blogdoedvaldomagalhaes.com.br\/index.php\/wp-json\/wp\/v2\/posts\/1988\/revisions"}],"predecessor-version":[{"id":32040,"href":"https:\/\/blogdoedvaldomagalhaes.com.br\/index.php\/wp-json\/wp\/v2\/posts\/1988\/revisions\/32040"}],"wp:attachment":[{"href":"https:\/\/blogdoedvaldomagalhaes.com.br\/index.php\/wp-json\/wp\/v2\/media?parent=1988"}],"wp:term":[{"taxonomy":"category","embeddable":true,"href":"https:\/\/blogdoedvaldomagalhaes.com.br\/index.php\/wp-json\/wp\/v2\/categories?post=1988"},{"taxonomy":"post_tag","embeddable":true,"href":"https:\/\/blogdoedvaldomagalhaes.com.br\/index.php\/wp-json\/wp\/v2\/tags?post=1988"}],"curies":[{"name":"wp","href":"https:\/\/api.w.org\/{rel}","templated":true}]}}