{"id":1987,"date":"2018-06-22T04:15:00","date_gmt":"2018-06-22T07:15:00","guid":{"rendered":"http:\/\/blogdoedvaldomagalhaes.com.br\/index.php\/2018\/06\/22\/riacho-das-almas-divulga-atracoes-deste\/"},"modified":"2019-02-09T02:20:50","modified_gmt":"2019-02-09T04:20:50","slug":"riacho-das-almas-divulga-atracoes-deste","status":"publish","type":"post","link":"https:\/\/blogdoedvaldomagalhaes.com.br\/index.php\/2018\/06\/22\/riacho-das-almas-divulga-atracoes-deste\/","title":{"rendered":"Riacho das Almas divulga atra\u00e7\u00f5es deste fim de semana no S\u00e3o Jo\u00e3o do munic\u00edpio"},"content":{"rendered":"<div class=\"separator\" style=\"clear: both; text-align: center;\">\n<a href=\"https:\/\/2.bp.blogspot.com\/-VjrYA2Qlp6Q\/Wyx37kdlwCI\/AAAAAAAA0Uo\/nDeFY0TslGct0C6Ur9nKBrX2E24Ivf8KgCLcBGAs\/s1600\/festa.jpg\" imageanchor=\"1\" style=\"margin-left: 1em; margin-right: 1em;\"><img loading=\"lazy\" decoding=\"async\" border=\"0\" data-original-height=\"1055\" data-original-width=\"1600\" height=\"422\" src=\"http:\/\/blogdoedvaldomagalhaes.com.br\/wp-content\/uploads\/2018\/06\/festa-3.jpg\" width=\"640\" \/><\/a><\/div>\n<div style=\"text-align: justify;\">\n<\/div>\n<div style=\"text-align: justify;\">\nA Prefeitura de Riacho das Almas segue divulgando a programa\u00e7\u00e3o dos festejos juninos do munic\u00edpio. E no fim de semana dedicado ao principal Santo celebrado no per\u00edodo, uma s\u00e9rie de eventos devem ser realizados na cidade e na zona rural.<\/div>\n<div style=\"text-align: justify;\">\n<\/div>\n<div style=\"text-align: justify;\">\nAs comemora\u00e7\u00f5es em homenagem a S\u00e3o Jo\u00e3o come\u00e7am na Vila de Trapi\u00e1. Nesta sexta-feira (22) a partir das 19h tem apresenta\u00e7\u00e3o de quadrilhas da comunidade. Depois, \u00e0s 21h tem show com Juc\u00e9lio Vilela e Rouxinol e Banda.<\/div>\n<div style=\"text-align: justify;\">\n<\/div>\n<div style=\"text-align: justify;\">\nJ\u00e1 no s\u00e1bado (23), tem festa na sede do munic\u00edpio, no P\u00e1tio Arraial do Gonzag\u00e3o. A partir das 19h30 tem apresenta\u00e7\u00f5es de quadrilhas matutas e quadrilhas estilizadas e a partir das 21h tem shows com Adriano Estigado e Mateus Santos e Banda.<\/div>\n<div style=\"text-align: justify;\">\n<\/div>\n<div style=\"text-align: justify;\">\nNo domingo (24) o arraial ser\u00e1 na Vila do Vitorino, a partir das 21h. Por l\u00e1 se apresentar\u00e3o Forroz\u00e3o Top 100 e Paix\u00e3o Nordestina.<\/div>\n","protected":false},"excerpt":{"rendered":"<p>A Prefeitura de Riacho das Almas segue divulgando a programa\u00e7\u00e3o dos festejos juninos do munic\u00edpio. E no fim de semana&hellip;<\/p>\n","protected":false},"author":1,"featured_media":0,"comment_status":"open","ping_status":"open","sticky":false,"template":"","format":"standard","meta":{"footnotes":""},"categories":[1],"tags":[2,6,2056],"class_list":["post-1987","post","type-post","status-publish","format-standard","hentry","category-sem-categoria","tag-blog-do-edvaldo-magalhaes","tag-noticias","tag-riacho-das-almas-divulga-atracoes-deste-fim-de-semana-no-sao-joao-do-municipio"],"_links":{"self":[{"href":"https:\/\/blogdoedvaldomagalhaes.com.br\/index.php\/wp-json\/wp\/v2\/posts\/1987","targetHints":{"allow":["GET"]}}],"collection":[{"href":"https:\/\/blogdoedvaldomagalhaes.com.br\/index.php\/wp-json\/wp\/v2\/posts"}],"about":[{"href":"https:\/\/blogdoedvaldomagalhaes.com.br\/index.php\/wp-json\/wp\/v2\/types\/post"}],"author":[{"embeddable":true,"href":"https:\/\/blogdoedvaldomagalhaes.com.br\/index.php\/wp-json\/wp\/v2\/users\/1"}],"replies":[{"embeddable":true,"href":"https:\/\/blogdoedvaldomagalhaes.com.br\/index.php\/wp-json\/wp\/v2\/comments?post=1987"}],"version-history":[{"count":1,"href":"https:\/\/blogdoedvaldomagalhaes.com.br\/index.php\/wp-json\/wp\/v2\/posts\/1987\/revisions"}],"predecessor-version":[{"id":32042,"href":"https:\/\/blogdoedvaldomagalhaes.com.br\/index.php\/wp-json\/wp\/v2\/posts\/1987\/revisions\/32042"}],"wp:attachment":[{"href":"https:\/\/blogdoedvaldomagalhaes.com.br\/index.php\/wp-json\/wp\/v2\/media?parent=1987"}],"wp:term":[{"taxonomy":"category","embeddable":true,"href":"https:\/\/blogdoedvaldomagalhaes.com.br\/index.php\/wp-json\/wp\/v2\/categories?post=1987"},{"taxonomy":"post_tag","embeddable":true,"href":"https:\/\/blogdoedvaldomagalhaes.com.br\/index.php\/wp-json\/wp\/v2\/tags?post=1987"}],"curies":[{"name":"wp","href":"https:\/\/api.w.org\/{rel}","templated":true}]}}