{"id":1986,"date":"2018-06-22T04:24:00","date_gmt":"2018-06-22T07:24:00","guid":{"rendered":"http:\/\/blogdoedvaldomagalhaes.com.br\/index.php\/2018\/06\/22\/maior-bolo-de-saia-do-mundo-e-degustado\/"},"modified":"2019-02-09T02:20:51","modified_gmt":"2019-02-09T04:20:51","slug":"maior-bolo-de-saia-do-mundo-e-degustado","status":"publish","type":"post","link":"https:\/\/blogdoedvaldomagalhaes.com.br\/index.php\/2018\/06\/22\/maior-bolo-de-saia-do-mundo-e-degustado\/","title":{"rendered":"Maior Bolo de Saia do Mundo \u00e9 degustado pelos moradores do Cidade Jardim"},"content":{"rendered":"<div class=\"separator\" style=\"clear: both; text-align: center;\">\n<a href=\"https:\/\/1.bp.blogspot.com\/-cGlrb0RTZ-Q\/Wyx5drSh2SI\/AAAAAAAA0U0\/Zf5ejAdfbEkWFkVR2vXGHo9QHIsgPCNhQCLcBGAs\/s1600\/2.jpg\" imageanchor=\"1\" style=\"margin-left: 1em; margin-right: 1em;\"><img loading=\"lazy\" decoding=\"async\" border=\"0\" data-original-height=\"1067\" data-original-width=\"1600\" height=\"426\" src=\"http:\/\/blogdoedvaldomagalhaes.com.br\/wp-content\/uploads\/2018\/06\/2-16.jpg\" width=\"640\" \/><\/a><\/div>\n<div class=\"separator\" style=\"clear: both; text-align: center;\">\nFotos: Arnaldo Felix\/Divulga\u00e7\u00e3o<\/div>\n<div style=\"text-align: justify;\">\n<\/div>\n<div style=\"text-align: justify;\">\nMoradores da Rua \u20188\u2019 do bairro Cidade Jardim, em Caruaru, puderam degustar na noite desta quinta-feira (21) o Maior Bolo de Saia do Mundo. A iguaria fez parte da 7\u00aa Edi\u00e7\u00e3o da Festa Junina do Maior Bolo de Saia do Mundo, que nesta edi\u00e7\u00e3o, contou com a anima\u00e7\u00e3o dos cantores Erick Moreira, Derso Luiz e da Banda Caru Forr\u00f3, que se apresentaram em trio el\u00e9trico. O bolo gigante de 150 quilos foi distribu\u00eddo para a popula\u00e7\u00e3o \u00e0s 21h, junto com os outros 2.500 bolinhos no tamanho real da iguaria.<\/div>\n<div style=\"text-align: justify;\">\n<\/div>\n<div class=\"separator\" style=\"clear: both; text-align: center;\">\n<a href=\"https:\/\/4.bp.blogspot.com\/-GRds4f9kCF4\/Wyx5soo2obI\/AAAAAAAA0U4\/Hl28F13I2-k1xo_uwfCydgDjjkaGnK3TgCLcBGAs\/s1600\/1.jpg\" imageanchor=\"1\" style=\"margin-left: 1em; margin-right: 1em;\"><img loading=\"lazy\" decoding=\"async\" border=\"0\" data-original-height=\"1067\" data-original-width=\"1600\" height=\"426\" src=\"http:\/\/blogdoedvaldomagalhaes.com.br\/wp-content\/uploads\/2018\/06\/1-21.jpg\" width=\"640\" \/><\/a><\/div>\n<div style=\"text-align: justify;\">\n<\/div>\n<div style=\"text-align: justify;\">\nPara produzir a guloseima foram necess\u00e1rios quatro cozinheiros dispostos para preparar a receita que levou 100 quilos de trigo, 500 ovos, 80 litros de leite, 10 caixas de margarina, 50 quilos de a\u00e7\u00facar e 20 caixas de leite condensado. Foram necess\u00e1rios quatro dias para a produ\u00e7\u00e3o do alimento e um forno industrial para assar por igual, e assim garantir que tudo sa\u00edsse perfeito.<\/div>\n<div style=\"text-align: justify;\">\n<\/div>\n<div style=\"text-align: justify;\">\n\u201cPara a gente que trabalha com a cultura \u00e9 muito gratificante realizar um evento como este pelo s\u00e9timo ano. Eu tenho muito orgulho de poder proporcionar essa alegria para a comunidade, fazendo parte da Associa\u00e7\u00e3o dos Idealizadores das Comidas Gigantes de Caruaru. O apoio da Funda\u00e7\u00e3o de Cultura e dos patrocinadores foi essencial para que tudo isso acontecesse, e eu s\u00f3 tenho a agradecer \u00e0 Prefeita Raquel Lyra e sua equipe\u201d, ressaltou o organizador do evento, Edja\u00edlson da Caru Forr\u00f3.<\/div>\n<div style=\"text-align: justify;\">\n<\/div>\n<div class=\"separator\" style=\"clear: both; text-align: center;\">\n<a href=\"https:\/\/3.bp.blogspot.com\/-g7tpNkDvuzg\/Wyx55KsvCHI\/AAAAAAAA0VA\/N6cxq9ko0rk5iUfpEVKeo5FUHSJt6qIYACLcBGAs\/s1600\/3.jpg\" imageanchor=\"1\" style=\"margin-left: 1em; margin-right: 1em;\"><img loading=\"lazy\" decoding=\"async\" border=\"0\" data-original-height=\"1051\" data-original-width=\"1600\" height=\"420\" src=\"http:\/\/blogdoedvaldomagalhaes.com.br\/wp-content\/uploads\/2018\/06\/3-13.jpg\" width=\"640\" \/><\/a><\/div>\n<div style=\"text-align: justify;\">\n<\/div>\n<div style=\"text-align: justify;\">\nDona Iranice Alves, moradora do Cidade Jardim, veio com a amiga curtir a festa e foi uma das primeiras a experimentar o bolo. \u201cEst\u00e1 aprovado, uma del\u00edcia esse bolino. Agora que eu j\u00e1 experimentei, vou cair no forr\u00f3\u201d, declarou. Para Luciana de Lima, do bairro Boa Vista, que frequenta o evento h\u00e1 dois anos, valeu a pena sair de casa com os amigos para curtir a festa em outra localidade. \u201cEstou achando tudo muito bom, a festa organizada, divertida. O bolo eu provei tamb\u00e9m e achei uma del\u00edcia\u201d, destacou.&nbsp;<\/div>\n<div style=\"text-align: justify;\">\n<\/div>\n<div style=\"text-align: justify;\">\nO Festival de Comidas Gigantes conta com o apoio da Prefeitura de Caruaru, por meio da Funda\u00e7\u00e3o de Cultura e Turismo.<\/div>\n","protected":false},"excerpt":{"rendered":"<p>Fotos: Arnaldo Felix\/Divulga\u00e7\u00e3o Moradores da Rua \u20188\u2019 do bairro Cidade Jardim, em Caruaru, puderam degustar na noite desta quinta-feira (21)&hellip;<\/p>\n","protected":false},"author":1,"featured_media":0,"comment_status":"open","ping_status":"open","sticky":false,"template":"","format":"standard","meta":{"footnotes":""},"categories":[1],"tags":[2,2055,6],"class_list":["post-1986","post","type-post","status-publish","format-standard","hentry","category-sem-categoria","tag-blog-do-edvaldo-magalhaes","tag-maior-bolo-de-saia-do-mundo-e-degustado-pelos-moradores-do-cidade-jardim","tag-noticias"],"_links":{"self":[{"href":"https:\/\/blogdoedvaldomagalhaes.com.br\/index.php\/wp-json\/wp\/v2\/posts\/1986","targetHints":{"allow":["GET"]}}],"collection":[{"href":"https:\/\/blogdoedvaldomagalhaes.com.br\/index.php\/wp-json\/wp\/v2\/posts"}],"about":[{"href":"https:\/\/blogdoedvaldomagalhaes.com.br\/index.php\/wp-json\/wp\/v2\/types\/post"}],"author":[{"embeddable":true,"href":"https:\/\/blogdoedvaldomagalhaes.com.br\/index.php\/wp-json\/wp\/v2\/users\/1"}],"replies":[{"embeddable":true,"href":"https:\/\/blogdoedvaldomagalhaes.com.br\/index.php\/wp-json\/wp\/v2\/comments?post=1986"}],"version-history":[{"count":1,"href":"https:\/\/blogdoedvaldomagalhaes.com.br\/index.php\/wp-json\/wp\/v2\/posts\/1986\/revisions"}],"predecessor-version":[{"id":32046,"href":"https:\/\/blogdoedvaldomagalhaes.com.br\/index.php\/wp-json\/wp\/v2\/posts\/1986\/revisions\/32046"}],"wp:attachment":[{"href":"https:\/\/blogdoedvaldomagalhaes.com.br\/index.php\/wp-json\/wp\/v2\/media?parent=1986"}],"wp:term":[{"taxonomy":"category","embeddable":true,"href":"https:\/\/blogdoedvaldomagalhaes.com.br\/index.php\/wp-json\/wp\/v2\/categories?post=1986"},{"taxonomy":"post_tag","embeddable":true,"href":"https:\/\/blogdoedvaldomagalhaes.com.br\/index.php\/wp-json\/wp\/v2\/tags?post=1986"}],"curies":[{"name":"wp","href":"https:\/\/api.w.org\/{rel}","templated":true}]}}