{"id":1984,"date":"2018-06-22T11:58:00","date_gmt":"2018-06-22T14:58:00","guid":{"rendered":"http:\/\/blogdoedvaldomagalhaes.com.br\/index.php\/2018\/06\/22\/michel-telo-e-leonardo-neste-fim-de\/"},"modified":"2019-02-09T02:20:52","modified_gmt":"2019-02-09T04:20:52","slug":"michel-telo-e-leonardo-neste-fim-de","status":"publish","type":"post","link":"https:\/\/blogdoedvaldomagalhaes.com.br\/index.php\/2018\/06\/22\/michel-telo-e-leonardo-neste-fim-de\/","title":{"rendered":"Michel Tel\u00f3 e Leonardo neste fim de semana em Gravat\u00e1"},"content":{"rendered":"<div class=\"separator\" style=\"clear: both; text-align: center;\">\n<a href=\"https:\/\/4.bp.blogspot.com\/-rz6p_ZwBUxA\/WyzjTvCJJmI\/AAAAAAAA0Vw\/rscl70MAodkh32_pAD7ablB9VO9ZAbSpwCLcBGAs\/s1600\/leo.jpg\" imageanchor=\"1\" style=\"margin-left: 1em; margin-right: 1em;\"><img loading=\"lazy\" decoding=\"async\" border=\"0\" data-original-height=\"493\" data-original-width=\"512\" height=\"612\" src=\"http:\/\/blogdoedvaldomagalhaes.com.br\/wp-content\/uploads\/2018\/06\/leo.jpg\" width=\"640\" \/><\/a><\/div>\n<div style=\"text-align: justify;\">\n<\/div>\n<div style=\"text-align: justify;\">\nNeste fim de semana no S\u00e3o Jo\u00e3o de Gravat\u00e1, no P\u00e1tio de Eventos Chucre Mussa Zarzar, algumas das atra\u00e7\u00f5es mais aguardadas s\u00e3o os sertanejos Michel Tel\u00f3 e Leonardo, al\u00e9m de Pedrinho Pega\u00e7\u00e3o e da banda de forr\u00f3 Brucelose.&nbsp;Confira a programa\u00e7\u00e3o:<\/div>\n<div style=\"text-align: justify;\">\n<\/div>\n<div style=\"text-align: justify;\">\n<b>Polo P\u00e1tio de eventos Chucre Mussa Zarzar<\/b><\/div>\n<div style=\"text-align: justify;\">\nShows a partir das 20h<\/div>\n<div style=\"text-align: justify;\">\n<b><br \/><\/b><\/div>\n<div style=\"text-align: justify;\">\n<b>22\/06<\/b><\/div>\n<div style=\"text-align: justify;\">\nPedrinho Pega\u00e7\u00e3o<\/div>\n<div style=\"text-align: justify;\">\nYnove<\/div>\n<div style=\"text-align: justify;\">\nVanessa Rios<\/div>\n<div style=\"text-align: justify;\">\nMichel Tel\u00f3<\/div>\n<div style=\"text-align: justify;\">\n<\/div>\n<div style=\"text-align: justify;\">\n<b>23\/06<\/b><\/div>\n<div style=\"text-align: justify;\">\nBenil<\/div>\n<div style=\"text-align: justify;\">\nForr\u00f3 do Loir\u00e3o<\/div>\n<div style=\"text-align: justify;\">\nLeonardo<\/div>\n<div style=\"text-align: justify;\">\nBrucelose<\/div>\n<div style=\"text-align: justify;\">\n<\/div>\n<div style=\"text-align: justify;\">\n<b>Polo da Sanfona &#8211;&nbsp;<\/b>Shows a partir das 19h<\/div>\n<div style=\"text-align: justify;\">\n<\/div>\n<div style=\"text-align: justify;\">\n<b>22\/06<\/b><\/div>\n<div style=\"text-align: justify;\">\nEduardo Veloso<\/div>\n<div style=\"text-align: justify;\">\nRicardo Alegria<\/div>\n<div style=\"text-align: justify;\">\nAna Sol<\/div>\n<div style=\"text-align: justify;\">\nDaniel Boi Vei Cavalo Selvagem<\/div>\n<div style=\"text-align: justify;\">\n<\/div>\n<div style=\"text-align: justify;\">\n<b>23\/06<\/b><\/div>\n<div style=\"text-align: justify;\">\nMistura Brasileira<\/div>\n<div style=\"text-align: justify;\">\nOriginais do Forr\u00f3<\/div>\n<div style=\"text-align: justify;\">\nRodrigo Raposo<\/div>\n<div style=\"text-align: justify;\">\nJorge Silva<\/div>\n<div style=\"text-align: justify;\">\n<b><br \/><\/b><\/div>\n<div style=\"text-align: justify;\">\n<b>24\/06<\/b><\/div>\n<div style=\"text-align: justify;\">\nRei do Canga\u00e7o<\/div>\n<div style=\"text-align: justify;\">\nCulto<\/div>\n<div style=\"text-align: justify;\">\nZinho Expresso Show<\/div>\n<div style=\"text-align: justify;\">\nForr\u00f3 Desassossego<\/div>\n<div style=\"text-align: justify;\">\n<\/div>\n<div style=\"text-align: justify;\">\n<b>Cidade Cenogr\u00e1fica \u2013 Cultura Popular<\/b><\/div>\n<div style=\"text-align: justify;\">\nShows a partir das 18h<\/div>\n<div style=\"text-align: justify;\">\n<b><br \/><\/b><\/div>\n<div style=\"text-align: justify;\">\n<b>22\/06<\/b><\/div>\n<div style=\"text-align: justify;\">\nForr\u00f3 sem Fole<\/div>\n<div style=\"text-align: justify;\">\nRa\u00edzes da Terra<\/div>\n<div style=\"text-align: justify;\">\nTr\u00eas Matutos<\/div>\n<div style=\"text-align: justify;\">\nCarl\u00e3o Teatro Perna de Pau<\/div>\n<div style=\"text-align: justify;\">\n<b><br \/><\/b><\/div>\n<div style=\"text-align: justify;\">\n<b>23\/06<\/b><\/div>\n<div style=\"text-align: justify;\">\nGrupo ALMA<\/div>\n<div style=\"text-align: justify;\">\nAdriano Sena<\/div>\n<div style=\"text-align: justify;\">\nBacamarteiros<\/div>\n<div style=\"text-align: justify;\">\nTr\u00eas Matutos<\/div>\n<div style=\"text-align: justify;\">\nCarl\u00e3o Teatro Perna de pau<\/div>\n<div style=\"text-align: justify;\">\nOriginal P\u00ednfano<\/div>\n<div style=\"text-align: justify;\">\n<b><br \/><\/b><\/div>\n<div style=\"text-align: justify;\">\n<b>24\/06<\/b><\/div>\n<div style=\"text-align: justify;\">\nPoeta Daniel Ol\u00edmpio<\/div>\n<div style=\"text-align: justify;\">\nMamulengo Mestre Galdino<\/div>\n<div style=\"text-align: justify;\">\n<\/div>\n<div style=\"text-align: justify;\">\n<b>Polo Mercado Cultural&nbsp;<\/b><\/div>\n<div style=\"text-align: justify;\">\nShows a partir das 10h<\/div>\n<div style=\"text-align: justify;\">\n<b><br \/><\/b><\/div>\n<div style=\"text-align: justify;\">\n<b>22\/06<\/b><\/div>\n<div style=\"text-align: justify;\">\nTransmiss\u00e3o do Jogo do Brasil<\/div>\n<div style=\"text-align: justify;\">\nCatimb\u00f3<\/div>\n<div style=\"text-align: justify;\">\nXique e Xote<\/div>\n<div style=\"text-align: justify;\">\nGeorge Lu\u00eds<\/div>\n<div style=\"text-align: justify;\">\n<\/div>\n<div style=\"text-align: justify;\">\n<b>23\/06&nbsp;<\/b><\/div>\n<div style=\"text-align: justify;\">\nZ\u00e9 Lu\u00eds Amigo da Serra<\/div>\n<div style=\"text-align: justify;\">\nLuizinho de Gravat\u00e1<\/div>\n<div style=\"text-align: justify;\">\nMoura Rossi<\/div>\n<div style=\"text-align: justify;\">\n<b><br \/><\/b><\/div>\n<div style=\"text-align: justify;\">\n<b>24\/06&nbsp;<\/b><\/div>\n<div style=\"text-align: justify;\">\nJo\u00e3ozinho Acordeon<\/div>\n<div style=\"text-align: justify;\">\nJo\u00e3o Lucas e Pedrinho<\/div>\n<div style=\"text-align: justify;\">\nForr\u00f3 da Serra<\/div>\n<div style=\"text-align: justify;\">\n<\/div>\n","protected":false},"excerpt":{"rendered":"<p>Neste fim de semana no S\u00e3o Jo\u00e3o de Gravat\u00e1, no P\u00e1tio de Eventos Chucre Mussa Zarzar, algumas das atra\u00e7\u00f5es mais&hellip;<\/p>\n","protected":false},"author":1,"featured_media":0,"comment_status":"open","ping_status":"open","sticky":false,"template":"","format":"standard","meta":{"footnotes":""},"categories":[1],"tags":[2,2052,6],"class_list":["post-1984","post","type-post","status-publish","format-standard","hentry","category-sem-categoria","tag-blog-do-edvaldo-magalhaes","tag-michel-telo-e-leonardo-neste-fim-de-semana-em-gravata","tag-noticias"],"_links":{"self":[{"href":"https:\/\/blogdoedvaldomagalhaes.com.br\/index.php\/wp-json\/wp\/v2\/posts\/1984","targetHints":{"allow":["GET"]}}],"collection":[{"href":"https:\/\/blogdoedvaldomagalhaes.com.br\/index.php\/wp-json\/wp\/v2\/posts"}],"about":[{"href":"https:\/\/blogdoedvaldomagalhaes.com.br\/index.php\/wp-json\/wp\/v2\/types\/post"}],"author":[{"embeddable":true,"href":"https:\/\/blogdoedvaldomagalhaes.com.br\/index.php\/wp-json\/wp\/v2\/users\/1"}],"replies":[{"embeddable":true,"href":"https:\/\/blogdoedvaldomagalhaes.com.br\/index.php\/wp-json\/wp\/v2\/comments?post=1984"}],"version-history":[{"count":1,"href":"https:\/\/blogdoedvaldomagalhaes.com.br\/index.php\/wp-json\/wp\/v2\/posts\/1984\/revisions"}],"predecessor-version":[{"id":32050,"href":"https:\/\/blogdoedvaldomagalhaes.com.br\/index.php\/wp-json\/wp\/v2\/posts\/1984\/revisions\/32050"}],"wp:attachment":[{"href":"https:\/\/blogdoedvaldomagalhaes.com.br\/index.php\/wp-json\/wp\/v2\/media?parent=1984"}],"wp:term":[{"taxonomy":"category","embeddable":true,"href":"https:\/\/blogdoedvaldomagalhaes.com.br\/index.php\/wp-json\/wp\/v2\/categories?post=1984"},{"taxonomy":"post_tag","embeddable":true,"href":"https:\/\/blogdoedvaldomagalhaes.com.br\/index.php\/wp-json\/wp\/v2\/tags?post=1984"}],"curies":[{"name":"wp","href":"https:\/\/api.w.org\/{rel}","templated":true}]}}