{"id":1983,"date":"2018-06-22T12:01:00","date_gmt":"2018-06-22T15:01:00","guid":{"rendered":"http:\/\/blogdoedvaldomagalhaes.com.br\/index.php\/2018\/06\/22\/programacao-da-estacao-ferroviaria\/"},"modified":"2019-02-09T02:20:52","modified_gmt":"2019-02-09T04:20:52","slug":"programacao-da-estacao-ferroviaria","status":"publish","type":"post","link":"https:\/\/blogdoedvaldomagalhaes.com.br\/index.php\/2018\/06\/22\/programacao-da-estacao-ferroviaria\/","title":{"rendered":"Programa\u00e7\u00e3o da Esta\u00e7\u00e3o Ferrovi\u00e1ria encanta caruaruenses e turistas"},"content":{"rendered":"<div class=\"separator\" style=\"clear: both; text-align: center;\">\n<a href=\"https:\/\/1.bp.blogspot.com\/-s2d5eM6vkmo\/Wyzk7crA9DI\/AAAAAAAA0V8\/2pSKzrDvIKwZDga3EBURXIzH-4Qu7RAsQCLcBGAs\/s1600\/essa%2B1.jpg\" imageanchor=\"1\" style=\"margin-left: 1em; margin-right: 1em;\"><img loading=\"lazy\" decoding=\"async\" border=\"0\" data-original-height=\"853\" data-original-width=\"1280\" height=\"426\" src=\"http:\/\/blogdoedvaldomagalhaes.com.br\/wp-content\/uploads\/2018\/06\/essa1-1.jpg\" width=\"640\" \/><\/a><\/div>\n<div style=\"text-align: justify;\">\n<\/div>\n<div style=\"text-align: justify;\">\nUm verdadeiro arrai\u00e1 \u00e9 a Esta\u00e7\u00e3o Ferrovi\u00e1ria que apresentou uma programa\u00e7\u00e3o toda especial, nesta quinta-feira (21). Os polos de anima\u00e7\u00e3o funcionaram com muito forr\u00f3, arrasta-p\u00e9 e apresenta\u00e7\u00f5es culturais.<\/div>\n<div style=\"text-align: justify;\">\n<\/div>\n<div style=\"text-align: justify;\">\n\u201cVir a Caruaru e n\u00e3o fazer parada aqui nos polos da Esta\u00e7\u00e3o Ferrovi\u00e1ria, o visitante nunca vai saber o que \u00e9 de fato sentir-se no S\u00e3o Jo\u00e3o de Caruaru. Eu admiro muito essa pluralidade que vejo na cidade\u201d, falou Josemir Carlos de Arcoverde.<\/div>\n<div style=\"text-align: justify;\">\n<\/div>\n<div style=\"text-align: justify;\">\nSeja no Polo das Quadrilhas ou na vila cen\u00e1rio, que \u00e9 uma r\u00e9plica perfeita de uma cidade interiorana com casinhas, igreja e personagens marcantes como as fofoqueiras e a cartomante, as apresenta\u00e7\u00f5es culturais acontecem a todo momento.<\/div>\n<div style=\"text-align: justify;\">\n<\/div>\n<div style=\"text-align: justify;\">\n\u201cO que chama aten\u00e7\u00e3o \u00e9 que \u00e9 comum nos depararmos com apresenta\u00e7\u00e3o de quadrilhas juninas, bacamarteiros e at\u00e9 esquetes teatrais. Aqui o visitante respira cultura viva\u201d, assegurou o professor aposentado Argemiro Cabral.<\/div>\n<div style=\"text-align: justify;\">\n<\/div>\n<div style=\"text-align: justify;\">\nO fole n\u00e3o fica parado no Polo Juarez Santiago.&nbsp; Desde cedo, os trios de forr\u00f3 p\u00e9-de-serra Preto do Leite e Boa Sorte, al\u00e9m de Pedrinho do Acordeon fizeram os forrozeiros ralarem bucho.<\/div>\n<div style=\"text-align: justify;\">\n<\/div>\n<div style=\"text-align: justify;\">\n\u201cJ\u00e1 estamos com os p\u00e9s doendo. Desde as 19h que estamos nesse ritmo. \u00c9 muito forr\u00f3 e gente bonita, n\u00e3o d\u00e1 para ficar quieto\u201d, comentou Lucas Sampaio que veio do Recife com a namorada.<\/div>\n<div style=\"text-align: justify;\">\n<\/div>\n<div style=\"text-align: justify;\">\nAl\u00e9m de toda a programa\u00e7\u00e3o, os caruaruenses e turistas podem contar com os food trucks que oferecem um card\u00e1pio variado que vai desde as comidas regionais at\u00e9 as estrangeiras.<\/div>\n<div style=\"text-align: justify;\">\n<\/div>\n<div style=\"text-align: justify;\">\n<\/div>\n","protected":false},"excerpt":{"rendered":"<p>Um verdadeiro arrai\u00e1 \u00e9 a Esta\u00e7\u00e3o Ferrovi\u00e1ria que apresentou uma programa\u00e7\u00e3o toda especial, nesta quinta-feira (21). Os polos de anima\u00e7\u00e3o&hellip;<\/p>\n","protected":false},"author":1,"featured_media":0,"comment_status":"open","ping_status":"open","sticky":false,"template":"","format":"standard","meta":{"footnotes":""},"categories":[1],"tags":[2,6,2051],"class_list":["post-1983","post","type-post","status-publish","format-standard","hentry","category-sem-categoria","tag-blog-do-edvaldo-magalhaes","tag-noticias","tag-programacao-da-estacao-ferroviaria-encanta-caruaruenses-e-turistas"],"_links":{"self":[{"href":"https:\/\/blogdoedvaldomagalhaes.com.br\/index.php\/wp-json\/wp\/v2\/posts\/1983","targetHints":{"allow":["GET"]}}],"collection":[{"href":"https:\/\/blogdoedvaldomagalhaes.com.br\/index.php\/wp-json\/wp\/v2\/posts"}],"about":[{"href":"https:\/\/blogdoedvaldomagalhaes.com.br\/index.php\/wp-json\/wp\/v2\/types\/post"}],"author":[{"embeddable":true,"href":"https:\/\/blogdoedvaldomagalhaes.com.br\/index.php\/wp-json\/wp\/v2\/users\/1"}],"replies":[{"embeddable":true,"href":"https:\/\/blogdoedvaldomagalhaes.com.br\/index.php\/wp-json\/wp\/v2\/comments?post=1983"}],"version-history":[{"count":1,"href":"https:\/\/blogdoedvaldomagalhaes.com.br\/index.php\/wp-json\/wp\/v2\/posts\/1983\/revisions"}],"predecessor-version":[{"id":32052,"href":"https:\/\/blogdoedvaldomagalhaes.com.br\/index.php\/wp-json\/wp\/v2\/posts\/1983\/revisions\/32052"}],"wp:attachment":[{"href":"https:\/\/blogdoedvaldomagalhaes.com.br\/index.php\/wp-json\/wp\/v2\/media?parent=1983"}],"wp:term":[{"taxonomy":"category","embeddable":true,"href":"https:\/\/blogdoedvaldomagalhaes.com.br\/index.php\/wp-json\/wp\/v2\/categories?post=1983"},{"taxonomy":"post_tag","embeddable":true,"href":"https:\/\/blogdoedvaldomagalhaes.com.br\/index.php\/wp-json\/wp\/v2\/tags?post=1983"}],"curies":[{"name":"wp","href":"https:\/\/api.w.org\/{rel}","templated":true}]}}