{"id":1980,"date":"2018-06-22T15:47:00","date_gmt":"2018-06-22T18:47:00","guid":{"rendered":"http:\/\/blogdoedvaldomagalhaes.com.br\/index.php\/2018\/06\/22\/raquel-lyra-vai-se-afastar-da\/"},"modified":"2019-02-09T02:20:54","modified_gmt":"2019-02-09T04:20:54","slug":"raquel-lyra-vai-se-afastar-da","status":"publish","type":"post","link":"https:\/\/blogdoedvaldomagalhaes.com.br\/index.php\/2018\/06\/22\/raquel-lyra-vai-se-afastar-da\/","title":{"rendered":"Raquel Lyra vai se afastar da prefeitura para fazer um curso no exterior"},"content":{"rendered":"<div class=\"separator\" style=\"clear: both; text-align: center;\">\n<a href=\"https:\/\/3.bp.blogspot.com\/-DLhuzgcuLmE\/Wy0Y5OFzYmI\/AAAAAAAA0W4\/ZUjFe_hAaUUE8IcIcgT79cMJ_8ZxMxa4wCLcBGAs\/s1600\/raqu%25C3%25A9.jpg\" imageanchor=\"1\" style=\"margin-left: 1em; margin-right: 1em;\"><img loading=\"lazy\" decoding=\"async\" border=\"0\" data-original-height=\"635\" data-original-width=\"549\" height=\"640\" src=\"http:\/\/blogdoedvaldomagalhaes.com.br\/wp-content\/uploads\/2018\/06\/raquC3A9.jpg\" width=\"550\" \/><\/a><\/div>\n<div style=\"text-align: center;\">\nFoto: PMC\/Divulga\u00e7\u00e3o<\/div>\n<div style=\"text-align: center;\">\n<\/div>\n<div style=\"text-align: justify;\">\nA prefeita de Caruaru, Raquel Lyra (PSDB), comunicou atrav\u00e9s de of\u00edcio a C\u00e2mara de Vereadores de Caruaru, o seu afastamento das fun\u00e7\u00f5es de comando do Poder Executivo, em fun\u00e7\u00e3o de viagem ao exterior, no per\u00edodo de 05 e 14 de julho de 2018, no intuito de participar do Programa &#8220;Acccelerating Growth in Brazilian Cities&#8221;, que consiste em curso na Universidade de Columbia, nos Estados Unidos da Am\u00e9rica, com especialistas renomados, ex-prefeitos e l\u00edderes que atuam em temas importantes&nbsp; como parcerias p\u00fablico-privadas, planejamento urbano e comunica\u00e7\u00e3o, incluindo visitas exclusivas \u00e0s \u00e1reas da gest\u00e3o p\u00fablica norte-americana.<\/p>\n<p>O evento \u00e9 realizado pela organiza\u00e7\u00e3o Comunitas, e Raquel Lyra foi selecionada para integrar o referido evento com outros representantes de institui\u00e7\u00f5es de diversos estados brasileiros.<\/p>\n<p><\/div>\n","protected":false},"excerpt":{"rendered":"<p>Foto: PMC\/Divulga\u00e7\u00e3o A prefeita de Caruaru, Raquel Lyra (PSDB), comunicou atrav\u00e9s de of\u00edcio a C\u00e2mara de Vereadores de Caruaru, o&hellip;<\/p>\n","protected":false},"author":1,"featured_media":0,"comment_status":"open","ping_status":"open","sticky":false,"template":"","format":"standard","meta":{"footnotes":""},"categories":[1],"tags":[2,20,2048],"class_list":["post-1980","post","type-post","status-publish","format-standard","hentry","category-sem-categoria","tag-blog-do-edvaldo-magalhaes","tag-politica","tag-raquel-lyra-vai-se-afastar-da-prefeitura-para-fazer-um-curso-no-exterior"],"_links":{"self":[{"href":"https:\/\/blogdoedvaldomagalhaes.com.br\/index.php\/wp-json\/wp\/v2\/posts\/1980","targetHints":{"allow":["GET"]}}],"collection":[{"href":"https:\/\/blogdoedvaldomagalhaes.com.br\/index.php\/wp-json\/wp\/v2\/posts"}],"about":[{"href":"https:\/\/blogdoedvaldomagalhaes.com.br\/index.php\/wp-json\/wp\/v2\/types\/post"}],"author":[{"embeddable":true,"href":"https:\/\/blogdoedvaldomagalhaes.com.br\/index.php\/wp-json\/wp\/v2\/users\/1"}],"replies":[{"embeddable":true,"href":"https:\/\/blogdoedvaldomagalhaes.com.br\/index.php\/wp-json\/wp\/v2\/comments?post=1980"}],"version-history":[{"count":1,"href":"https:\/\/blogdoedvaldomagalhaes.com.br\/index.php\/wp-json\/wp\/v2\/posts\/1980\/revisions"}],"predecessor-version":[{"id":32061,"href":"https:\/\/blogdoedvaldomagalhaes.com.br\/index.php\/wp-json\/wp\/v2\/posts\/1980\/revisions\/32061"}],"wp:attachment":[{"href":"https:\/\/blogdoedvaldomagalhaes.com.br\/index.php\/wp-json\/wp\/v2\/media?parent=1980"}],"wp:term":[{"taxonomy":"category","embeddable":true,"href":"https:\/\/blogdoedvaldomagalhaes.com.br\/index.php\/wp-json\/wp\/v2\/categories?post=1980"},{"taxonomy":"post_tag","embeddable":true,"href":"https:\/\/blogdoedvaldomagalhaes.com.br\/index.php\/wp-json\/wp\/v2\/tags?post=1980"}],"curies":[{"name":"wp","href":"https:\/\/api.w.org\/{rel}","templated":true}]}}