{"id":1979,"date":"2018-06-22T19:36:00","date_gmt":"2018-06-22T22:36:00","guid":{"rendered":"http:\/\/blogdoedvaldomagalhaes.com.br\/index.php\/2018\/06\/22\/tony-gel-defende-uniao-de-forcas-para-o\/"},"modified":"2019-02-09T02:20:54","modified_gmt":"2019-02-09T04:20:54","slug":"tony-gel-defende-uniao-de-forcas-para-o","status":"publish","type":"post","link":"https:\/\/blogdoedvaldomagalhaes.com.br\/index.php\/2018\/06\/22\/tony-gel-defende-uniao-de-forcas-para-o\/","title":{"rendered":"Tony Gel defende uni\u00e3o de for\u00e7as para o bem de Caruaru e reelei\u00e7\u00e3o de Paulo C\u00e2mara"},"content":{"rendered":"<div class=\"separator\" style=\"clear: both; text-align: center;\">\n<a href=\"https:\/\/2.bp.blogspot.com\/-NMZiMSRLc_w\/Wy1PPmkT2VI\/AAAAAAAA0XQ\/1bezmtoi7bANCzej-YbnDjmqBP8vFO4NQCLcBGAs\/s1600\/karlla.jpg\" imageanchor=\"1\" style=\"margin-left: 1em; margin-right: 1em;\"><img loading=\"lazy\" decoding=\"async\" border=\"0\" data-original-height=\"281\" data-original-width=\"500\" height=\"354\" src=\"http:\/\/blogdoedvaldomagalhaes.com.br\/wp-content\/uploads\/2018\/06\/karlla.jpg\" width=\"640\" \/><\/a><\/div>\n<div class=\"separator\" style=\"clear: both; text-align: center;\">\nFoto: Karlla Oliveira<\/div>\n<div class=\"MsoNormal\" style=\"text-align: justify;\">\nNa s\u00e9rie de entrevistas com os pr\u00e9-candidatos a deputado estadual, o programa Show da Cidade da R\u00e1dio Liberdade recebeu nesta sexta-feira (22) o deputado Tony Gel, que vai tentar reelei\u00e7\u00e3o nas elei\u00e7\u00f5es de outubro. Durante a entrevista, ele defendeu uni\u00e3o de for\u00e7as para o bem de Caruaru e reelei\u00e7\u00e3o do governador Paulo C\u00e2mara.<\/p>\n<p>Mais uma vez o deputado estadual Tony Gel (MDB), deixou claro que continua fiel ao governador Paulo C\u00e2mara (PSB). Durante entrevista Tony Gel defendeu \u00e0 gest\u00e3o de Paulo C\u00e2mara, fez rasgados elogios ao Socialista e declarou que o Governador \u00e9 o homem certo, no lugar certo e na hora certa, para a felicidade de Pernambuco que atravessou \u00e0 crise de p\u00e9, pagando em dia o sal\u00e1rio dos servidores, por exemplo, diferente de estados ricos da federa\u00e7\u00e3o, como o Rio de Janeiro, Minas Gerais e Rio Grande do Sul. Isso porque o estado tem no comando uma pessoa s\u00e9ria e competente.<\/p>\n<p>&#8220;Os estados sofrem muito porque dependem da pol\u00edtica econ\u00f4mica da uni\u00e3o, do governo federal. Al\u00e9m do mais, Pernambuco sofreu muito com queda de arrecada\u00e7\u00e3o. Mas o governador Paulo C\u00e2mara, com sua compet\u00eancia, sua tranquilidade porque \u00e9 um homem tranquilo, de fino trato, conhecedor da secretaria da fazenda, sabe como as coisas funcionam, como \u00e9 o vai vem da arrecada\u00e7\u00e3o, ele manteve o estado equilibrado, pagando aos servidores em dia, e, investindo na sa\u00fade, seguran\u00e7a e educa\u00e7\u00e3o, investindo em tudo. Ent\u00e3o, o povo de Pernambuco j\u00e1 fez essa leitura que Paulo C\u00e2mara \u00e9 o homem certo, no lugar certo e na hora certa e que para a felicidade de Pernambuco, atravessamos esta crise porque tivemos no governo, e n\u00f3s temos,&nbsp;um homem equilibrado&#8221; disse Tony Gel.<\/p>\n<p>\nO parlamentar ressaltou&nbsp; tamb\u00e9m os investimentos que o Governador Paulo C\u00e2mara tem feito em Caruaru e cidades do Agreste, Sert\u00e3o e Regi\u00e3o Metropolitana, com destaque para o BIESP, Batalh\u00e3o Especializado que vem desenvolvendo um excelente trabalho na Capital do Forr\u00f3.<\/p>\n<p>Gel confirmou que ser\u00e1 candidato \u00e0 reelei\u00e7\u00e3o, e que o seu deputado federal poder\u00e1 ser o filho Tonynho, que ainda aguarda o quadro pol\u00edtico ficar mais claro. Vale ressaltar tamb\u00e9m que o vice-governador Raul Henry, tamb\u00e9m foi muito elogiado por Tony, durante quase toda entrevista.<\/p>\n<\/div>\n","protected":false},"excerpt":{"rendered":"<p>Foto: Karlla Oliveira Na s\u00e9rie de entrevistas com os pr\u00e9-candidatos a deputado estadual, o programa Show da Cidade da R\u00e1dio&hellip;<\/p>\n","protected":false},"author":1,"featured_media":0,"comment_status":"open","ping_status":"open","sticky":false,"template":"","format":"standard","meta":{"footnotes":""},"categories":[1],"tags":[2,20,2047],"class_list":["post-1979","post","type-post","status-publish","format-standard","hentry","category-sem-categoria","tag-blog-do-edvaldo-magalhaes","tag-politica","tag-tony-gel-defende-uniao-de-forcas-para-o-bem-de-caruaru-e-reeleicao-de-paulo-camara"],"_links":{"self":[{"href":"https:\/\/blogdoedvaldomagalhaes.com.br\/index.php\/wp-json\/wp\/v2\/posts\/1979","targetHints":{"allow":["GET"]}}],"collection":[{"href":"https:\/\/blogdoedvaldomagalhaes.com.br\/index.php\/wp-json\/wp\/v2\/posts"}],"about":[{"href":"https:\/\/blogdoedvaldomagalhaes.com.br\/index.php\/wp-json\/wp\/v2\/types\/post"}],"author":[{"embeddable":true,"href":"https:\/\/blogdoedvaldomagalhaes.com.br\/index.php\/wp-json\/wp\/v2\/users\/1"}],"replies":[{"embeddable":true,"href":"https:\/\/blogdoedvaldomagalhaes.com.br\/index.php\/wp-json\/wp\/v2\/comments?post=1979"}],"version-history":[{"count":1,"href":"https:\/\/blogdoedvaldomagalhaes.com.br\/index.php\/wp-json\/wp\/v2\/posts\/1979\/revisions"}],"predecessor-version":[{"id":32063,"href":"https:\/\/blogdoedvaldomagalhaes.com.br\/index.php\/wp-json\/wp\/v2\/posts\/1979\/revisions\/32063"}],"wp:attachment":[{"href":"https:\/\/blogdoedvaldomagalhaes.com.br\/index.php\/wp-json\/wp\/v2\/media?parent=1979"}],"wp:term":[{"taxonomy":"category","embeddable":true,"href":"https:\/\/blogdoedvaldomagalhaes.com.br\/index.php\/wp-json\/wp\/v2\/categories?post=1979"},{"taxonomy":"post_tag","embeddable":true,"href":"https:\/\/blogdoedvaldomagalhaes.com.br\/index.php\/wp-json\/wp\/v2\/tags?post=1979"}],"curies":[{"name":"wp","href":"https:\/\/api.w.org\/{rel}","templated":true}]}}