{"id":1978,"date":"2018-06-22T19:37:00","date_gmt":"2018-06-22T22:37:00","guid":{"rendered":"http:\/\/blogdoedvaldomagalhaes.com.br\/index.php\/2018\/06\/22\/celpe-inicia-operacao-especial-de\/"},"modified":"2019-02-09T02:20:54","modified_gmt":"2019-02-09T04:20:54","slug":"celpe-inicia-operacao-especial-de","status":"publish","type":"post","link":"https:\/\/blogdoedvaldomagalhaes.com.br\/index.php\/2018\/06\/22\/celpe-inicia-operacao-especial-de\/","title":{"rendered":"Celpe inicia opera\u00e7\u00e3o especial de atendimento durante o S\u00e3o Jo\u00e3o"},"content":{"rendered":"<div class=\"separator\" style=\"clear: both; text-align: center;\">\n<a href=\"https:\/\/1.bp.blogspot.com\/-_uhXd_LLGNI\/Wy1P_a_BLeI\/AAAAAAAA0XY\/IImEoGIImAQ9Q5AzY6Fi4-8EhAVQjgy8QCLcBGAs\/s1600\/celpe.jpg\" imageanchor=\"1\" style=\"margin-left: 1em; margin-right: 1em;\"><img loading=\"lazy\" decoding=\"async\" border=\"0\" data-original-height=\"309\" data-original-width=\"500\" height=\"390\" src=\"http:\/\/blogdoedvaldomagalhaes.com.br\/wp-content\/uploads\/2018\/06\/celpe.jpg\" width=\"640\" \/><\/a><\/div>\n<div class=\"separator\" style=\"clear: both; text-align: center;\">\nFoto: Celpe\/Divulga\u00e7\u00e3o<\/div>\n<div style=\"text-align: justify;\">\n<\/div>\n<div style=\"text-align: justify;\">\nPara assegurar o fornecimento de energia e garantir os festejos nos principais arraiais e polos de anima\u00e7\u00e3o junina do Estado, a Celpe colocou em opera\u00e7\u00e3o o Esquema Especial de S\u00e3o Jo\u00e3o. At\u00e9 o encerramento das comemora\u00e7\u00f5es, no dia de S\u00e3o Pedro (29), cerca de 600 profissionais estar\u00e3o se revezando em escalas de plant\u00e3o ininterrupto.<\/div>\n<div style=\"text-align: justify;\">\n<\/div>\n<div style=\"text-align: justify;\">\nForam mobilizados t\u00e9cnicos, eletricistas, engenheiros e coordenadores extras para monitorar o fornecimento e atuar em poss\u00edveis situa\u00e7\u00f5es emergenciais. Preventivamente, a empresa executou inspe\u00e7\u00f5es e manuten\u00e7\u00f5es na rede el\u00e9trica dos locais de maior movimenta\u00e7\u00e3o, preparando o sistema para atender \u00e0s demandas adicionais do per\u00edodo.<\/div>\n<div style=\"text-align: justify;\">\n<\/div>\n<div style=\"text-align: justify;\">\nA Celpe solicita aos clientes que durante a comunica\u00e7\u00e3o de eventuais faltas de energia tenham sempre \u00e0 m\u00e3o o n\u00famero do contrato, o que facilita a identifica\u00e7\u00e3o das ocorr\u00eancias.<\/div>\n","protected":false},"excerpt":{"rendered":"<p>Foto: Celpe\/Divulga\u00e7\u00e3o Para assegurar o fornecimento de energia e garantir os festejos nos principais arraiais e polos de anima\u00e7\u00e3o junina&hellip;<\/p>\n","protected":false},"author":1,"featured_media":0,"comment_status":"open","ping_status":"open","sticky":false,"template":"","format":"standard","meta":{"footnotes":""},"categories":[1],"tags":[2,2046,6],"class_list":["post-1978","post","type-post","status-publish","format-standard","hentry","category-sem-categoria","tag-blog-do-edvaldo-magalhaes","tag-celpe-inicia-operacao-especial-de-atendimento-durante-o-sao-joao","tag-noticias"],"_links":{"self":[{"href":"https:\/\/blogdoedvaldomagalhaes.com.br\/index.php\/wp-json\/wp\/v2\/posts\/1978","targetHints":{"allow":["GET"]}}],"collection":[{"href":"https:\/\/blogdoedvaldomagalhaes.com.br\/index.php\/wp-json\/wp\/v2\/posts"}],"about":[{"href":"https:\/\/blogdoedvaldomagalhaes.com.br\/index.php\/wp-json\/wp\/v2\/types\/post"}],"author":[{"embeddable":true,"href":"https:\/\/blogdoedvaldomagalhaes.com.br\/index.php\/wp-json\/wp\/v2\/users\/1"}],"replies":[{"embeddable":true,"href":"https:\/\/blogdoedvaldomagalhaes.com.br\/index.php\/wp-json\/wp\/v2\/comments?post=1978"}],"version-history":[{"count":1,"href":"https:\/\/blogdoedvaldomagalhaes.com.br\/index.php\/wp-json\/wp\/v2\/posts\/1978\/revisions"}],"predecessor-version":[{"id":32065,"href":"https:\/\/blogdoedvaldomagalhaes.com.br\/index.php\/wp-json\/wp\/v2\/posts\/1978\/revisions\/32065"}],"wp:attachment":[{"href":"https:\/\/blogdoedvaldomagalhaes.com.br\/index.php\/wp-json\/wp\/v2\/media?parent=1978"}],"wp:term":[{"taxonomy":"category","embeddable":true,"href":"https:\/\/blogdoedvaldomagalhaes.com.br\/index.php\/wp-json\/wp\/v2\/categories?post=1978"},{"taxonomy":"post_tag","embeddable":true,"href":"https:\/\/blogdoedvaldomagalhaes.com.br\/index.php\/wp-json\/wp\/v2\/tags?post=1978"}],"curies":[{"name":"wp","href":"https:\/\/api.w.org\/{rel}","templated":true}]}}