{"id":1976,"date":"2018-06-22T19:43:00","date_gmt":"2018-06-22T22:43:00","guid":{"rendered":"http:\/\/blogdoedvaldomagalhaes.com.br\/index.php\/2018\/06\/22\/sebastian-silva-fara-sua-primeira\/"},"modified":"2019-02-09T02:20:56","modified_gmt":"2019-02-09T04:20:56","slug":"sebastian-silva-fara-sua-primeira","status":"publish","type":"post","link":"https:\/\/blogdoedvaldomagalhaes.com.br\/index.php\/2018\/06\/22\/sebastian-silva-fara-sua-primeira\/","title":{"rendered":"Sebastian Silva far\u00e1 sua primeira apresenta\u00e7\u00e3o com carreira solo no S\u00e3o Jo\u00e3o de Caruaru"},"content":{"rendered":"<div class=\"separator\" style=\"clear: both; text-align: center;\">\n<a href=\"https:\/\/2.bp.blogspot.com\/-NXbY50c4ZzI\/Wy1RBJMkZuI\/AAAAAAAA0Xs\/2dZkBo0DcNUmJwcFqb6wp2nPTIi7jpVywCLcBGAs\/s1600\/sebastian.jpg\" imageanchor=\"1\" style=\"margin-left: 1em; margin-right: 1em;\"><img loading=\"lazy\" decoding=\"async\" border=\"0\" data-original-height=\"300\" data-original-width=\"300\" height=\"640\" src=\"http:\/\/blogdoedvaldomagalhaes.com.br\/wp-content\/uploads\/2018\/06\/sebastian.jpg\" width=\"640\" \/><\/a><\/div>\n<div style=\"background-color: white; border: 0px; margin-bottom: 1.5em; outline: 0px; padding: 0px; text-align: justify; vertical-align: baseline;\">\n<\/div>\n<div style=\"background-color: white; border: 0px; margin-bottom: 1.5em; outline: 0px; padding: 0px; text-align: justify; vertical-align: baseline;\">\nO cantor e compositor Sebastian Silva de apenas 28 anos far\u00e1 sua primeira apresenta\u00e7\u00e3o com carreira solo no S\u00e3o Jo\u00e3o de Caruaru, no dia 23 de junho, no Polo Alto do Moura, a partir das 16h. O forrozeiro ser\u00e1 a principal atra\u00e7\u00e3o e promete colocar todos para dan\u00e7ar ao som de sucessos consagrados da m\u00fasica nordestina.<\/div>\n<div style=\"background-color: white; border: 0px; margin-bottom: 1.5em; outline: 0px; padding: 0px; text-align: justify; vertical-align: baseline;\">\nSeguidor do saudoso mestre Dominguinhos, Sebastian tocou com nomes de destaque da m\u00fasica de raiz, a exemplo do poeta Santana com quem trabalhou durante oito anos, sendo o sanfoneiro oficial do artista. Agora Sebastian Silva que \u00e9 natural de Caruaru e segue carreira solo com agenda de shows em na capital do Forr\u00f3 e cidades da regi\u00e3o.<\/div>\n<div style=\"background-color: white; border: 0px; margin-bottom: 1.5em; outline: 0px; padding: 0px; text-align: justify; vertical-align: baseline;\">\n\u201c\u00c9 um novo momento na minha vida, sou grato a tudo que vem acontecendo e feliz porque ap\u00f3s um legado, vou escrever minha hist\u00f3ria cantando e tocando nossa m\u00fasica nordestina\u201d disse Sebastian. J\u00e1 no segundo semestre, o forrozeiro Sebastian, viaja para Europa onde far\u00e1 uma turn\u00ea por v\u00e1rias cidades durante 30 dias divulgando o forr\u00f3 P\u00e9 de Serra.<\/div>\n<div style=\"background-color: white; border: 0px; margin-bottom: 1.5em; outline: 0px; padding: 0px; text-align: justify; vertical-align: baseline;\">\nSebastian \u00e9 o \u00fanico Caruaruense que participa do Quinteto Sanf\u00f4nico do Brasil, ao lado de nome como o compositor, Targino Gondin, al\u00e9m de estar com a m\u00fasica de trabalho dispon\u00edvel no Youtube \u201cAmor para vida inteira\u201d est\u00e1 dispon\u00edvel no youtube e em todas as plataformas digitais.<\/div>\n<div style=\"background-color: white; border: 0px; margin-bottom: 1.5em; outline: 0px; padding: 0px; text-align: justify; vertical-align: baseline;\">\nSebastian se prepara para uma turn\u00ea na Europa e viaja no dia 05 de julho, junto com Maestro Mozart. O forrozeiro se apresentar\u00e1 em casas de Shows, teatros, pra\u00e7as p\u00fablicas divulgando o tradicional forr\u00f3 P\u00e9 de Serra.<\/div>\n","protected":false},"excerpt":{"rendered":"<p>O cantor e compositor Sebastian Silva de apenas 28 anos far\u00e1 sua primeira apresenta\u00e7\u00e3o com carreira solo no S\u00e3o Jo\u00e3o&hellip;<\/p>\n","protected":false},"author":1,"featured_media":0,"comment_status":"open","ping_status":"open","sticky":false,"template":"","format":"standard","meta":{"footnotes":""},"categories":[1],"tags":[2,6,2044],"class_list":["post-1976","post","type-post","status-publish","format-standard","hentry","category-sem-categoria","tag-blog-do-edvaldo-magalhaes","tag-noticias","tag-sebastian-silva-fara-sua-primeira-apresentacao-com-carreira-solo-no-sao-joao-de-caruaru"],"_links":{"self":[{"href":"https:\/\/blogdoedvaldomagalhaes.com.br\/index.php\/wp-json\/wp\/v2\/posts\/1976","targetHints":{"allow":["GET"]}}],"collection":[{"href":"https:\/\/blogdoedvaldomagalhaes.com.br\/index.php\/wp-json\/wp\/v2\/posts"}],"about":[{"href":"https:\/\/blogdoedvaldomagalhaes.com.br\/index.php\/wp-json\/wp\/v2\/types\/post"}],"author":[{"embeddable":true,"href":"https:\/\/blogdoedvaldomagalhaes.com.br\/index.php\/wp-json\/wp\/v2\/users\/1"}],"replies":[{"embeddable":true,"href":"https:\/\/blogdoedvaldomagalhaes.com.br\/index.php\/wp-json\/wp\/v2\/comments?post=1976"}],"version-history":[{"count":1,"href":"https:\/\/blogdoedvaldomagalhaes.com.br\/index.php\/wp-json\/wp\/v2\/posts\/1976\/revisions"}],"predecessor-version":[{"id":32069,"href":"https:\/\/blogdoedvaldomagalhaes.com.br\/index.php\/wp-json\/wp\/v2\/posts\/1976\/revisions\/32069"}],"wp:attachment":[{"href":"https:\/\/blogdoedvaldomagalhaes.com.br\/index.php\/wp-json\/wp\/v2\/media?parent=1976"}],"wp:term":[{"taxonomy":"category","embeddable":true,"href":"https:\/\/blogdoedvaldomagalhaes.com.br\/index.php\/wp-json\/wp\/v2\/categories?post=1976"},{"taxonomy":"post_tag","embeddable":true,"href":"https:\/\/blogdoedvaldomagalhaes.com.br\/index.php\/wp-json\/wp\/v2\/tags?post=1976"}],"curies":[{"name":"wp","href":"https:\/\/api.w.org\/{rel}","templated":true}]}}