{"id":1975,"date":"2018-06-22T19:51:00","date_gmt":"2018-06-22T22:51:00","guid":{"rendered":"http:\/\/blogdoedvaldomagalhaes.com.br\/index.php\/2018\/06\/22\/encontro-de-mais-de-mil-bacamarteiros\/"},"modified":"2019-02-09T02:20:59","modified_gmt":"2019-02-09T04:20:59","slug":"encontro-de-mais-de-mil-bacamarteiros","status":"publish","type":"post","link":"https:\/\/blogdoedvaldomagalhaes.com.br\/index.php\/2018\/06\/22\/encontro-de-mais-de-mil-bacamarteiros\/","title":{"rendered":"Encontro de mais de mil bacamarteiros de v\u00e1rias regi\u00f5es do estado em Caruaru domingo (24)"},"content":{"rendered":"<div class=\"separator\" style=\"clear: both; text-align: center;\">\n<a href=\"https:\/\/1.bp.blogspot.com\/-CQSZg3z7NkY\/Wy1SyBuMLRI\/AAAAAAAA0X4\/dzn-_MrUyr0DQvNrO4dqLaQba9tfmM-XACLcBGAs\/s1600\/1.jpg\" imageanchor=\"1\" style=\"margin-left: 1em; margin-right: 1em;\"><img loading=\"lazy\" decoding=\"async\" border=\"0\" data-original-height=\"426\" data-original-width=\"640\" height=\"424\" src=\"http:\/\/blogdoedvaldomagalhaes.com.br\/wp-content\/uploads\/2018\/06\/1-22.jpg\" width=\"640\" \/><\/a><\/div>\n<div class=\"separator\" style=\"clear: both; text-align: center;\">\nFotos: Jorge Farias\/Divulga\u00e7\u00e3o<\/div>\n<div class=\"separator\" style=\"clear: both; text-align: center;\">\n<\/div>\n<div style=\"text-align: justify;\">\nCerca de 1.200 bacamarteiros de 34 batalh\u00f5es ir\u00e3o participar, neste domingo (24), de um encontro, promovido pela Funda\u00e7\u00e3o de Cultura e Turismo. A concentra\u00e7\u00e3o ser\u00e1 na Escola de Tempo Integral Altair Porto, no Bairro Cedro, \u00e0s 13h. Em seguida, \u00e0s 15h, o grupo seguir\u00e1 em desfile at\u00e9 a Esta\u00e7\u00e3o Ferrovi\u00e1ria, no Centro, e se apresentar\u00e1 no Polo das Quadrilhas.<\/div>\n<div style=\"text-align: justify;\">\n<\/div>\n<div class=\"separator\" style=\"clear: both; text-align: center;\">\n<a href=\"https:\/\/3.bp.blogspot.com\/-c_iY70MYuPE\/Wy1S5zdmgVI\/AAAAAAAA0X8\/XY1qfJkDYQUN6nh0elFS3sL6p6f5ndJwwCLcBGAs\/s1600\/2.jpg\" imageanchor=\"1\" style=\"margin-left: 1em; margin-right: 1em;\"><img loading=\"lazy\" decoding=\"async\" border=\"0\" data-original-height=\"426\" data-original-width=\"640\" height=\"424\" src=\"http:\/\/blogdoedvaldomagalhaes.com.br\/wp-content\/uploads\/2018\/06\/2-17.jpg\" width=\"640\" \/><\/a><\/div>\n<div style=\"text-align: justify;\">\n<\/div>\n<div style=\"text-align: justify;\">\nA tradi\u00e7\u00e3o do bacamarte come\u00e7ou em 1850. Os bacamarteiros re\u00fanem-se em grupos, tro\u00e7as ou batalh\u00f5es, sob a chefia de um sargento e o controle geral de um comandante, que responde, perante as autoridades, pelos atiradores durante as apresenta\u00e7\u00f5es. De um modo geral, o folguedo se constitui de homens portando bacamarte, que s\u00e3o disparados com cargas de p\u00f3lvora seca, em homenagem aos santos padroeiros S\u00e3o Jo\u00e3o, S\u00e3o Pedro e Santo Ant\u00f4nio.<\/div>\n<div style=\"text-align: justify;\">\n<\/div>\n<div class=\"separator\" style=\"clear: both; text-align: center;\">\n<a href=\"https:\/\/3.bp.blogspot.com\/-ZD7jWVZW1Pc\/Wy1S-G3U0GI\/AAAAAAAA0YA\/Nrgq9cOGFaEOi393NISQi48g1jhNs4I9wCLcBGAs\/s1600\/3.jpg\" imageanchor=\"1\" style=\"margin-left: 1em; margin-right: 1em;\"><img loading=\"lazy\" decoding=\"async\" border=\"0\" data-original-height=\"426\" data-original-width=\"640\" height=\"424\" src=\"http:\/\/blogdoedvaldomagalhaes.com.br\/wp-content\/uploads\/2018\/06\/3-14.jpg\" width=\"640\" \/><\/a><\/div>\n<div style=\"text-align: justify;\">\n<\/div>\n<div style=\"text-align: justify;\">\nO encontro deve reunir tamb\u00e9m batalh\u00f5es de outras regi\u00f5es de Pernambuco, como Sert\u00e3o e Zona da Mata Sul. Ap\u00f3s a apresenta\u00e7\u00e3o dos bacamarteiros, o polo receber\u00e1 mais uma eliminat\u00f3ria do Concurso das Quadrilhas, a partir das 20h.<\/div>\n","protected":false},"excerpt":{"rendered":"<p>Fotos: Jorge Farias\/Divulga\u00e7\u00e3o Cerca de 1.200 bacamarteiros de 34 batalh\u00f5es ir\u00e3o participar, neste domingo (24), de um encontro, promovido pela&hellip;<\/p>\n","protected":false},"author":1,"featured_media":0,"comment_status":"open","ping_status":"open","sticky":false,"template":"","format":"standard","meta":{"footnotes":""},"categories":[1],"tags":[2,2043,6],"class_list":["post-1975","post","type-post","status-publish","format-standard","hentry","category-sem-categoria","tag-blog-do-edvaldo-magalhaes","tag-encontro-de-mais-de-mil-bacamarteiros-de-varias-regioes-do-estado-em-caruaru-domingo-24","tag-noticias"],"_links":{"self":[{"href":"https:\/\/blogdoedvaldomagalhaes.com.br\/index.php\/wp-json\/wp\/v2\/posts\/1975","targetHints":{"allow":["GET"]}}],"collection":[{"href":"https:\/\/blogdoedvaldomagalhaes.com.br\/index.php\/wp-json\/wp\/v2\/posts"}],"about":[{"href":"https:\/\/blogdoedvaldomagalhaes.com.br\/index.php\/wp-json\/wp\/v2\/types\/post"}],"author":[{"embeddable":true,"href":"https:\/\/blogdoedvaldomagalhaes.com.br\/index.php\/wp-json\/wp\/v2\/users\/1"}],"replies":[{"embeddable":true,"href":"https:\/\/blogdoedvaldomagalhaes.com.br\/index.php\/wp-json\/wp\/v2\/comments?post=1975"}],"version-history":[{"count":1,"href":"https:\/\/blogdoedvaldomagalhaes.com.br\/index.php\/wp-json\/wp\/v2\/posts\/1975\/revisions"}],"predecessor-version":[{"id":32073,"href":"https:\/\/blogdoedvaldomagalhaes.com.br\/index.php\/wp-json\/wp\/v2\/posts\/1975\/revisions\/32073"}],"wp:attachment":[{"href":"https:\/\/blogdoedvaldomagalhaes.com.br\/index.php\/wp-json\/wp\/v2\/media?parent=1975"}],"wp:term":[{"taxonomy":"category","embeddable":true,"href":"https:\/\/blogdoedvaldomagalhaes.com.br\/index.php\/wp-json\/wp\/v2\/categories?post=1975"},{"taxonomy":"post_tag","embeddable":true,"href":"https:\/\/blogdoedvaldomagalhaes.com.br\/index.php\/wp-json\/wp\/v2\/tags?post=1975"}],"curies":[{"name":"wp","href":"https:\/\/api.w.org\/{rel}","templated":true}]}}